{"id":803,"date":"2026-08-23T19:25:03","date_gmt":"2026-08-23T18:25:03","guid":{"rendered":"https:\/\/fanfaresaignelegier.ch\/wordpress\/?p=803"},"modified":"2026-08-23T19:29:46","modified_gmt":"2026-08-23T18:29:46","slug":"notre-fanfare-honorera-le-125%e1%b5%89-anniversaire-de-la-cigonia-de-prez-vers-noreaz","status":"publish","type":"post","link":"https:\/\/fanfaresaignelegier.ch\/wordpress\/?p=803","title":{"rendered":"Notre fanfare honorera le 125\u1d49 anniversaire de la Cigonia de Prez-vers-Nor\u00e9az"},"content":{"rendered":"<p class=\"wp-block-paragraph\">Notre fanfare est fi\u00e8re d&rsquo;annoncer qu&rsquo;elle participera aux festivit\u00e9s organis\u00e9es par la Cigonia de Prez-vers-Nor\u00e9az pour c\u00e9l\u00e9brer le 125\u1d49 anniversaire de cette soci\u00e9t\u00e9 musicale voisine.<\/p>\n<p class=\"wp-block-paragraph\">Ce d\u00e9placement marque un moment important de notre saison et t\u00e9moigne le lien fort qui uni nos deux r\u00e9gion jurassienne et fribourgeoise.<\/p>\n<h2 class=\"wp-block-heading\">&#x1f4cb; D\u00e9tails de l&rsquo;\u00e9v\u00e9nement<\/h2>\n<figure class=\"wp-block-gallery has-nested-images columns-default is-cropped wp-block-gallery-1 is-layout-flex wp-block-gallery-is-layout-flex\">\n<figure class=\"wp-block-image size-large\"><img loading=\"lazy\" decoding=\"async\" width=\"828\" height=\"1024\" data-id=\"806\" src=\"https:\/\/fanfaresaignelegier.ch\/wordpress\/wp-content\/uploads\/2026\/08\/cigonia-save_date-1-1-828x1024.jpeg\" alt=\"\" class=\"wp-image-806\" srcset=\"https:\/\/fanfaresaignelegier.ch\/wordpress\/wp-content\/uploads\/2026\/08\/cigonia-save_date-1-1-828x1024.jpeg 828w, https:\/\/fanfaresaignelegier.ch\/wordpress\/wp-content\/uploads\/2026\/08\/cigonia-save_date-1-1-243x300.jpeg 243w, https:\/\/fanfaresaignelegier.ch\/wordpress\/wp-content\/uploads\/2026\/08\/cigonia-save_date-1-1-767x949.jpeg 767w, https:\/\/fanfaresaignelegier.ch\/wordpress\/wp-content\/uploads\/2026\/08\/cigonia-save_date-1-1-624x772.jpeg 624w, https:\/\/fanfaresaignelegier.ch\/wordpress\/wp-content\/uploads\/2026\/08\/cigonia-save_date-1-1.jpeg 1170w\" sizes=\"auto, (max-width: 828px) 100vw, 828px\" \/><\/figure>\n<figure class=\"wp-block-image size-large\"><img loading=\"lazy\" decoding=\"async\" width=\"825\" height=\"1024\" data-id=\"807\" src=\"https:\/\/fanfaresaignelegier.ch\/wordpress\/wp-content\/uploads\/2026\/08\/cigonia-save_date-2-825x1024.jpeg\" alt=\"\" class=\"wp-image-807\" srcset=\"https:\/\/fanfaresaignelegier.ch\/wordpress\/wp-content\/uploads\/2026\/08\/cigonia-save_date-2-825x1024.jpeg 825w, https:\/\/fanfaresaignelegier.ch\/wordpress\/wp-content\/uploads\/2026\/08\/cigonia-save_date-2-767x953.jpeg 767w, https:\/\/fanfaresaignelegier.ch\/wordpress\/wp-content\/uploads\/2026\/08\/cigonia-save_date-2-242x300.jpeg 242w, https:\/\/fanfaresaignelegier.ch\/wordpress\/wp-content\/uploads\/2026\/08\/cigonia-save_date-2-624x775.jpeg 624w, https:\/\/fanfaresaignelegier.ch\/wordpress\/wp-content\/uploads\/2026\/08\/cigonia-save_date-2.jpeg 1170w\" sizes=\"auto, (max-width: 825px) 100vw, 825px\" \/><\/figure>\n<\/figure>\n<h2 class=\"wp-block-heading\">&#x1f3bb; Une reconnaissance pour nos musiciens<\/h2>\n<p class=\"wp-block-paragraph\">Etre invit\u00e9 \u00e0 cette manifestation jubilaire constitue une belle reconnaissance pour le travail et la rigueur de nos membres. Nous nous r\u00e9jouissons d\u00e9j\u00e0 de repr\u00e9senter notre soci\u00e9t\u00e9 avec s\u00e9rieux et enthousiasme aux c\u00f4t\u00e9s de la soci\u00e9t\u00e9 h\u00f4te.<\/p>\n<p class=\"wp-block-paragraph\">C&rsquo;est \u00e9galement l&rsquo;opportunit\u00e9 de renforcer les liens entre nos deux r\u00e9gions et de partager cette passion commune qui nous anime toute l&rsquo;ann\u00e9e \u00e0 Saignel\u00e9gier.<\/p>\n<h2 class=\"wp-block-heading\">&#x1f4f8; Suivez-nous !<\/h2>\n<p class=\"wp-block-paragraph\">Des photos et retours de cette excursion para\u00eetront prochainement sur notre site et nos r\u00e9seaux sociaux. Restez connect\u00e9s pour suivre nos aventures musicales !<\/p>\n<p class=\"wp-block-paragraph\"><em>Le Comit\u00e9 de La Musique Fanfare de Saignel\u00e9gier<\/em><\/p>\n","protected":false},"excerpt":{"rendered":"<p>Notre fanfare est fi\u00e8re d&rsquo;annoncer qu&rsquo;elle participera aux festivit\u00e9s organis\u00e9es par la Cigonia de Prez-vers-Nor\u00e9az pour c\u00e9l\u00e9brer le 125\u1d49 anniversaire de cette soci\u00e9t\u00e9 musicale voisine. Ce d\u00e9placement marque un moment important de notre saison et t\u00e9moigne le lien fort qui uni nos deux r\u00e9gion jurassienne et fribourgeoise. &#x1f4cb; D\u00e9tails de l&rsquo;\u00e9v\u00e9nement &#x1f3bb; Une reconnaissance pour [&hellip;]<\/p>\n","protected":false},"author":2,"featured_media":0,"comment_status":"closed","ping_status":"closed","sticky":false,"template":"","format":"standard","meta":{"footnotes":""},"categories":[2],"tags":[],"class_list":["post-803","post","type-post","status-publish","format-standard","hentry","category-news"],"_links":{"self":[{"href":"https:\/\/fanfaresaignelegier.ch\/wordpress\/index.php?rest_route=\/wp\/v2\/posts\/803","targetHints":{"allow":["GET"]}}],"collection":[{"href":"https:\/\/fanfaresaignelegier.ch\/wordpress\/index.php?rest_route=\/wp\/v2\/posts"}],"about":[{"href":"https:\/\/fanfaresaignelegier.ch\/wordpress\/index.php?rest_route=\/wp\/v2\/types\/post"}],"author":[{"embeddable":true,"href":"https:\/\/fanfaresaignelegier.ch\/wordpress\/index.php?rest_route=\/wp\/v2\/users\/2"}],"replies":[{"embeddable":true,"href":"https:\/\/fanfaresaignelegier.ch\/wordpress\/index.php?rest_route=%2Fwp%2Fv2%2Fcomments&post=803"}],"version-history":[{"count":2,"href":"https:\/\/fanfaresaignelegier.ch\/wordpress\/index.php?rest_route=\/wp\/v2\/posts\/803\/revisions"}],"predecessor-version":[{"id":809,"href":"https:\/\/fanfaresaignelegier.ch\/wordpress\/index.php?rest_route=\/wp\/v2\/posts\/803\/revisions\/809"}],"wp:attachment":[{"href":"https:\/\/fanfaresaignelegier.ch\/wordpress\/index.php?rest_route=%2Fwp%2Fv2%2Fmedia&parent=803"}],"wp:term":[{"taxonomy":"category","embeddable":true,"href":"https:\/\/fanfaresaignelegier.ch\/wordpress\/index.php?rest_route=%2Fwp%2Fv2%2Fcategories&post=803"},{"taxonomy":"post_tag","embeddable":true,"href":"https:\/\/fanfaresaignelegier.ch\/wordpress\/index.php?rest_route=%2Fwp%2Fv2%2Ftags&post=803"}],"curies":[{"name":"wp","href":"https:\/\/api.w.org\/{rel}","templated":true}]}}