{"id":8,"date":"2015-07-13T16:54:10","date_gmt":"2015-07-13T15:54:10","guid":{"rendered":"http:\/\/fanfaresaignelegier.ch\/wordpress\/?p=8"},"modified":"2016-05-15T07:58:18","modified_gmt":"2016-05-15T06:58:18","slug":"fete-federale-2016-a-montreux","status":"publish","type":"post","link":"https:\/\/fanfaresaignelegier.ch\/wordpress\/?p=8","title":{"rendered":"F\u00eate f\u00e9d\u00e9rale 2016 \u00e0 Montreux"},"content":{"rendered":"<p>Lors de son assembl\u00e9e extraordinaire du jeudi 2 juillet, les membres de la Musique Fanfare de Saignel\u00e9gier, ont pris la d\u00e9cision, de ne pas maintenir leur inscription pour la f\u00eate f\u00e9d\u00e9rale de musique de 2016 \u00e0 Montreux.<!--more--><\/p>\n<p>Seuls 17 participants sur 32 \u00e9taient pr\u00e9sents \u00e0 cette assembl\u00e9e extraordinaire.<\/p>\n<p>Plusieurs intervenants se sont exprim\u00e9s \u00e0 la suite de l&rsquo;expos\u00e9 des r\u00e9sultats de la petite enqu\u00eate men\u00e9e par Fabrice Gogniat qui demandait \u00e0 chaque membre de r\u00e9pondre aux deux questions suivantes :<\/p>\n<ul>\n<li>Je d\u00e9sire participer \u00e0 la f\u00eate f\u00e9d\u00e9rale de musique\u00a0 \u00e0 Montreux<\/li>\n<li>Je m&rsquo;engage \u00e0 suivre les r\u00e9p\u00e9titions li\u00e9es \u00e0 l&rsquo;inscription \u00e0 la f\u00eate f\u00e9d\u00e9rale<\/li>\n<\/ul>\n<p>Le r\u00e9sultat f\u00fbt assez significatif. Seuls 20 membres r\u00e9pondaient \u00e0 ce questionnaire et 7 d&rsquo;entre-eux uniquement r\u00e9pondait \u00ab\u00a0Oui, je d\u00e9sire participer \u00e0 la f\u00eate f\u00e9d\u00e9rale ..\u00a0\u00bb de mani\u00e8re cat\u00e9gorique.<\/p>\n<p>En ce qui concerne les autres retours ils furent un \u00ab\u00a0non\u00a0\u00bb pour 8 d&rsquo;entre-nous et un \u00ab\u00a0oui mais..\u00a0\u00bb\u00a0 pour le reste.<\/p>\n<p>Le fort besoin de renforts pesa aussi grandement dans la balance. En effet, apr\u00e8s quelques calculs, pas moins de 8 renforts seraient n\u00e9cessaires \u00e0 notre ensemble (12 en prenant un calcul pessimiste) pour combler les manques.<\/p>\n<p>Notre pr\u00e9sident lu aussi le mail de notre directeur, qui ne fut pas pour faire pencher la balance du c\u00f4t\u00e9 du \u00ab\u00a0oui\u00a0\u00bb.<\/p>\n<p>Quelques interventions encore et Remi demandait le votre. Seuls 4 membres \u00e9taient encore favorables \u00e0 la participation de notre soci\u00e9t\u00e9 \u00e0 cette manifestation.<\/p>\n<p>Sur certains visage on pouvait lire la d\u00e9ception, mais sur aucun on ne trouvait de la satisfaction. En effet, m\u00eame pour les musiciens les moins enclins \u00e0 la participation de notre ensemble \u00e0 cette f\u00eate, on pouvait tout de m\u00eame voir transpara\u00eetre une expression d&rsquo;\u00e9chec. Car oui, c&rsquo;est un \u00e9chec, oui les membres de notre fanfare, et moi le premier, n&rsquo;ont pas r\u00e9pondu pr\u00e9sent \u00e0 ce challenge extraordinaire qu&rsquo;est une f\u00eate f\u00e9d\u00e9rale. Faut-il nous bl\u00e2mer pour tout autant ou alors faut-il chercher la cause de ce manque de \u00ab\u00a0niaque\u00a0\u00bb ?<\/p>\n<p>Allez chers musiciens ! courage il y aura d&rsquo;autres aventures pour notre ensemble et pourquoi pas le concours des brass \u00e0 Montreux ?<\/p>\n","protected":false},"excerpt":{"rendered":"<p>Lors de son assembl\u00e9e extraordinaire du jeudi 2 juillet, les membres de la Musique Fanfare de Saignel\u00e9gier, ont pris la d\u00e9cision, de ne pas maintenir leur inscription pour la f\u00eate f\u00e9d\u00e9rale de musique de 2016 \u00e0 Montreux.<\/p>\n","protected":false},"author":2,"featured_media":0,"comment_status":"closed","ping_status":"closed","sticky":false,"template":"","format":"standard","meta":{"footnotes":""},"categories":[10],"tags":[],"class_list":["post-8","post","type-post","status-publish","format-standard","hentry","category-archive"],"_links":{"self":[{"href":"https:\/\/fanfaresaignelegier.ch\/wordpress\/index.php?rest_route=\/wp\/v2\/posts\/8","targetHints":{"allow":["GET"]}}],"collection":[{"href":"https:\/\/fanfaresaignelegier.ch\/wordpress\/index.php?rest_route=\/wp\/v2\/posts"}],"about":[{"href":"https:\/\/fanfaresaignelegier.ch\/wordpress\/index.php?rest_route=\/wp\/v2\/types\/post"}],"author":[{"embeddable":true,"href":"https:\/\/fanfaresaignelegier.ch\/wordpress\/index.php?rest_route=\/wp\/v2\/users\/2"}],"replies":[{"embeddable":true,"href":"https:\/\/fanfaresaignelegier.ch\/wordpress\/index.php?rest_route=%2Fwp%2Fv2%2Fcomments&post=8"}],"version-history":[{"count":8,"href":"https:\/\/fanfaresaignelegier.ch\/wordpress\/index.php?rest_route=\/wp\/v2\/posts\/8\/revisions"}],"predecessor-version":[{"id":168,"href":"https:\/\/fanfaresaignelegier.ch\/wordpress\/index.php?rest_route=\/wp\/v2\/posts\/8\/revisions\/168"}],"wp:attachment":[{"href":"https:\/\/fanfaresaignelegier.ch\/wordpress\/index.php?rest_route=%2Fwp%2Fv2%2Fmedia&parent=8"}],"wp:term":[{"taxonomy":"category","embeddable":true,"href":"https:\/\/fanfaresaignelegier.ch\/wordpress\/index.php?rest_route=%2Fwp%2Fv2%2Fcategories&post=8"},{"taxonomy":"post_tag","embeddable":true,"href":"https:\/\/fanfaresaignelegier.ch\/wordpress\/index.php?rest_route=%2Fwp%2Fv2%2Ftags&post=8"}],"curies":[{"name":"wp","href":"https:\/\/api.w.org\/{rel}","templated":true}]}}