{"id":798,"date":"2026-03-15T16:46:15","date_gmt":"2026-03-15T15:46:15","guid":{"rendered":"https:\/\/fanfaresaignelegier.ch\/wordpress\/?p=798"},"modified":"2026-08-23T19:21:16","modified_gmt":"2026-08-23T18:21:16","slug":"concert-annuel-samedi-28-mars-2026-a-saignelegier","status":"publish","type":"post","link":"https:\/\/fanfaresaignelegier.ch\/wordpress\/?p=798","title":{"rendered":"Concert annuel \u2013 samedi 28 mars 2026 \u00e0 Saignel\u00e9gier"},"content":{"rendered":"<p class=\"wp-block-paragraph\">La Musique Fanfare de Saignel\u00e9gier aura le plaisir de pr\u00e9senter son concert annuel le <strong>samedi 28 mars \u00e0 20h00 \u00e0 la Salle de Spectacle de Saignel\u00e9gier<\/strong>.<\/p>\n<p class=\"wp-block-paragraph\">La soir\u00e9e d\u00e9butera avec la prestation du duo <strong>JC\u00b2<\/strong>, compos\u00e9 d\u2019un violon et d\u2019un accord\u00e9on. L\u2019accord\u00e9oniste jurassien <strong>J\u00e9r\u00f4me Courbat<\/strong>, originaire de Buix, a \u00e9t\u00e9 sacr\u00e9 meilleur accord\u00e9oniste de Suisse en 2017 avant de remporter, la m\u00eame ann\u00e9e, le titre de champion du monde d\u2019accord\u00e9on dans sa cat\u00e9gorie. Virtuose et passionn\u00e9, il enseigne aujourd\u2019hui l\u2019accord\u00e9on en Ajoie et dirige plusieurs ensembles musicaux.<\/p>\n<p class=\"wp-block-paragraph\">Apr\u00e8s cette premi\u00e8re partie, la <strong>Musique Fanfare de Saignel\u00e9gier<\/strong> pr\u00e9sentera son programme musical pr\u00e9par\u00e9 pour l\u2019occasion.<\/p>\n<p class=\"wp-block-paragraph\">La soci\u00e9t\u00e9 se r\u00e9jouit d\u2019accueillir le public nombreux pour partager cette soir\u00e9e musicale et conviviale.<\/p>\n<div data-wp-interactive=\"core\/file\" class=\"wp-block-file\"><object data-wp-bind--hidden=\"!state.hasPdfPreview\" hidden class=\"wp-block-file__embed\" data=\"https:\/\/fanfaresaignelegier.ch\/wordpress\/wp-content\/uploads\/2026\/03\/flyer-programme-2026.pdf\" type=\"application\/pdf\" style=\"width:100%;height:600px\" aria-label=\"Contenu embarqu\u00e9 flyer programme 2026.\"><\/object><a id=\"wp-block-file--media-a8763059-0ffa-477a-877b-a5106735c31c\" href=\"https:\/\/fanfaresaignelegier.ch\/wordpress\/wp-content\/uploads\/2026\/03\/flyer-programme-2026.pdf\">flyer programme 2026<\/a><a href=\"https:\/\/fanfaresaignelegier.ch\/wordpress\/wp-content\/uploads\/2026\/03\/flyer-programme-2026.pdf\" class=\"wp-block-file__button wp-element-button\" download aria-describedby=\"wp-block-file--media-a8763059-0ffa-477a-877b-a5106735c31c\">T\u00e9l\u00e9charger<\/a><\/div>\n","protected":false},"excerpt":{"rendered":"<p>La Musique Fanfare de Saignel\u00e9gier aura le plaisir de pr\u00e9senter son concert annuel le samedi 28 mars \u00e0 20h00 \u00e0 la Salle de Spectacle de Saignel\u00e9gier. La soir\u00e9e d\u00e9butera avec la prestation du duo JC\u00b2, compos\u00e9 d\u2019un violon et d\u2019un accord\u00e9on. L\u2019accord\u00e9oniste jurassien J\u00e9r\u00f4me Courbat, originaire de Buix, a \u00e9t\u00e9 sacr\u00e9 meilleur accord\u00e9oniste de Suisse [&hellip;]<\/p>\n","protected":false},"author":2,"featured_media":0,"comment_status":"closed","ping_status":"closed","sticky":false,"template":"","format":"standard","meta":{"footnotes":""},"categories":[10],"tags":[],"class_list":["post-798","post","type-post","status-publish","format-standard","hentry","category-archive"],"_links":{"self":[{"href":"https:\/\/fanfaresaignelegier.ch\/wordpress\/index.php?rest_route=\/wp\/v2\/posts\/798","targetHints":{"allow":["GET"]}}],"collection":[{"href":"https:\/\/fanfaresaignelegier.ch\/wordpress\/index.php?rest_route=\/wp\/v2\/posts"}],"about":[{"href":"https:\/\/fanfaresaignelegier.ch\/wordpress\/index.php?rest_route=\/wp\/v2\/types\/post"}],"author":[{"embeddable":true,"href":"https:\/\/fanfaresaignelegier.ch\/wordpress\/index.php?rest_route=\/wp\/v2\/users\/2"}],"replies":[{"embeddable":true,"href":"https:\/\/fanfaresaignelegier.ch\/wordpress\/index.php?rest_route=%2Fwp%2Fv2%2Fcomments&post=798"}],"version-history":[{"count":1,"href":"https:\/\/fanfaresaignelegier.ch\/wordpress\/index.php?rest_route=\/wp\/v2\/posts\/798\/revisions"}],"predecessor-version":[{"id":800,"href":"https:\/\/fanfaresaignelegier.ch\/wordpress\/index.php?rest_route=\/wp\/v2\/posts\/798\/revisions\/800"}],"wp:attachment":[{"href":"https:\/\/fanfaresaignelegier.ch\/wordpress\/index.php?rest_route=%2Fwp%2Fv2%2Fmedia&parent=798"}],"wp:term":[{"taxonomy":"category","embeddable":true,"href":"https:\/\/fanfaresaignelegier.ch\/wordpress\/index.php?rest_route=%2Fwp%2Fv2%2Fcategories&post=798"},{"taxonomy":"post_tag","embeddable":true,"href":"https:\/\/fanfaresaignelegier.ch\/wordpress\/index.php?rest_route=%2Fwp%2Fv2%2Ftags&post=798"}],"curies":[{"name":"wp","href":"https:\/\/api.w.org\/{rel}","templated":true}]}}