{"id":783,"date":"2026-02-01T11:10:04","date_gmt":"2026-02-01T10:10:04","guid":{"rendered":"https:\/\/fanfaresaignelegier.ch\/wordpress\/?p=783"},"modified":"2026-08-23T19:21:16","modified_gmt":"2026-08-23T18:21:16","slug":"pipou-retraite","status":"publish","type":"post","link":"https:\/\/fanfaresaignelegier.ch\/wordpress\/?p=783","title":{"rendered":"Pipou retrait\u00e9"},"content":{"rendered":"<h2 class=\"wp-block-heading\">Un dernier voyage en musique pour Pipou !<\/h2>\n<p class=\"wp-block-paragraph\"><strong>Samedi 31 janvier2026, la Musique Fanfare de Saignel\u00e9gier a eu l&rsquo;honneur d&rsquo;accueillir en gare de Saignel\u00e9gier l&rsquo;un de ses membres les plus fid\u00e8les lors d&rsquo;un moment unique et \u00e9mouvant.<\/strong><\/p>\n<p class=\"wp-block-paragraph\">Claude Jemmely, affectueusement surnomm\u00e9 \u00ab\u00a0Pipou\u00a0\u00bb par tous ses camarades, effectuait son dernier trajet aux commandes d&rsquo;un train des Chemins de fer du Jura (CJ). Apr\u00e8s une longue et belle carri\u00e8re de conducteur, notre bassiste range d\u00e9finitivement sa casquette ferroviaire.<\/p>\n<h3 class=\"wp-block-heading\">Un musicien passionn\u00e9<\/h3>\n<p class=\"wp-block-paragraph\">Bassiste Mib d\u00e9vou\u00e9 et ancien caissier de notre soci\u00e9t\u00e9, Pipou a su durant toutes ces ann\u00e9es jongler entre deux grandes passions : les rails jurassiens et la musique de brass. Connu pour son franc-parler, son humour l\u00e9gendaire et sa capacit\u00e9 \u00e0 \u00ab\u00a0monter dans les tours\u00a0\u00bb au bon moment, il a marqu\u00e9 la vie de notre fanfare de son empreinte unique.<\/p>\n<h3 class=\"wp-block-heading\">Place \u00e0 la musique !<\/h3>\n<p class=\"wp-block-paragraph\">Si Pipou quitte les CJ, il ne quitte certainement pas la Musique Fanfare de Saignel\u00e9gier ! Au contraire, cette retraite bien m\u00e9rit\u00e9e lui permettra enfin de se consacrer pleinement \u00e0 sa v\u00e9ritable passion : la musique. La section des basses ne s&rsquo;en plaindra pas !<\/p>\n<p class=\"wp-block-paragraph\"><strong>La MFS tout enti\u00e8re te souhaite, cher Pipou, une belle et longue retraite remplie de bonheur, de moments pr\u00e9cieux avec ta famille et tes petits-enfants, et bien s\u00fbr&#8230; de nombreuses heures de musique \u00e0 nos c\u00f4t\u00e9s !<\/strong><\/p>\n<p class=\"wp-block-paragraph\"><em>Allez, en avant la musique ! Et bon vent, m\u00e9cano !<\/em> <\/p>\n<figure class=\"wp-block-gallery has-nested-images columns-2 is-cropped wp-block-gallery-1 is-layout-flex wp-block-gallery-is-layout-flex\">\n<figure class=\"wp-block-image size-large\"><img loading=\"lazy\" decoding=\"async\" width=\"1024\" height=\"768\" data-id=\"791\" src=\"https:\/\/fanfaresaignelegier.ch\/wordpress\/wp-content\/uploads\/2026\/02\/WhatsApp-Image-2026-01-31-at-17.42.28-1-1024x768.jpeg\" alt=\"\" class=\"wp-image-791\" srcset=\"https:\/\/fanfaresaignelegier.ch\/wordpress\/wp-content\/uploads\/2026\/02\/WhatsApp-Image-2026-01-31-at-17.42.28-1-1024x768.jpeg 1024w, https:\/\/fanfaresaignelegier.ch\/wordpress\/wp-content\/uploads\/2026\/02\/WhatsApp-Image-2026-01-31-at-17.42.28-1-300x225.jpeg 300w, https:\/\/fanfaresaignelegier.ch\/wordpress\/wp-content\/uploads\/2026\/02\/WhatsApp-Image-2026-01-31-at-17.42.28-1-768x576.jpeg 768w, https:\/\/fanfaresaignelegier.ch\/wordpress\/wp-content\/uploads\/2026\/02\/WhatsApp-Image-2026-01-31-at-17.42.28-1-1536x1152.jpeg 1536w, https:\/\/fanfaresaignelegier.ch\/wordpress\/wp-content\/uploads\/2026\/02\/WhatsApp-Image-2026-01-31-at-17.42.28-1-624x468.jpeg 624w, https:\/\/fanfaresaignelegier.ch\/wordpress\/wp-content\/uploads\/2026\/02\/WhatsApp-Image-2026-01-31-at-17.42.28-1.jpeg 2000w\" sizes=\"auto, (max-width: 1024px) 100vw, 1024px\" \/><\/figure>\n<figure class=\"wp-block-image size-large\"><img loading=\"lazy\" decoding=\"async\" width=\"1024\" height=\"768\" data-id=\"792\" src=\"https:\/\/fanfaresaignelegier.ch\/wordpress\/wp-content\/uploads\/2026\/02\/WhatsApp-Image-2026-01-31-at-20.21.56-1-1-1024x768.jpeg\" alt=\"\" class=\"wp-image-792\" srcset=\"https:\/\/fanfaresaignelegier.ch\/wordpress\/wp-content\/uploads\/2026\/02\/WhatsApp-Image-2026-01-31-at-20.21.56-1-1-1024x768.jpeg 1024w, https:\/\/fanfaresaignelegier.ch\/wordpress\/wp-content\/uploads\/2026\/02\/WhatsApp-Image-2026-01-31-at-20.21.56-1-1-300x225.jpeg 300w, https:\/\/fanfaresaignelegier.ch\/wordpress\/wp-content\/uploads\/2026\/02\/WhatsApp-Image-2026-01-31-at-20.21.56-1-1-768x576.jpeg 768w, https:\/\/fanfaresaignelegier.ch\/wordpress\/wp-content\/uploads\/2026\/02\/WhatsApp-Image-2026-01-31-at-20.21.56-1-1-1536x1152.jpeg 1536w, https:\/\/fanfaresaignelegier.ch\/wordpress\/wp-content\/uploads\/2026\/02\/WhatsApp-Image-2026-01-31-at-20.21.56-1-1-624x468.jpeg 624w, https:\/\/fanfaresaignelegier.ch\/wordpress\/wp-content\/uploads\/2026\/02\/WhatsApp-Image-2026-01-31-at-20.21.56-1-1.jpeg 1600w\" sizes=\"auto, (max-width: 1024px) 100vw, 1024px\" \/><\/figure>\n<figure class=\"wp-block-image size-large\"><img loading=\"lazy\" decoding=\"async\" width=\"1024\" height=\"768\" data-id=\"794\" src=\"https:\/\/fanfaresaignelegier.ch\/wordpress\/wp-content\/uploads\/2026\/02\/WhatsApp-Image-2026-01-31-at-20.21.56-2-1024x768.jpeg\" alt=\"\" class=\"wp-image-794\" srcset=\"https:\/\/fanfaresaignelegier.ch\/wordpress\/wp-content\/uploads\/2026\/02\/WhatsApp-Image-2026-01-31-at-20.21.56-2-1024x768.jpeg 1024w, https:\/\/fanfaresaignelegier.ch\/wordpress\/wp-content\/uploads\/2026\/02\/WhatsApp-Image-2026-01-31-at-20.21.56-2-300x225.jpeg 300w, https:\/\/fanfaresaignelegier.ch\/wordpress\/wp-content\/uploads\/2026\/02\/WhatsApp-Image-2026-01-31-at-20.21.56-2-768x576.jpeg 768w, https:\/\/fanfaresaignelegier.ch\/wordpress\/wp-content\/uploads\/2026\/02\/WhatsApp-Image-2026-01-31-at-20.21.56-2-1536x1152.jpeg 1536w, https:\/\/fanfaresaignelegier.ch\/wordpress\/wp-content\/uploads\/2026\/02\/WhatsApp-Image-2026-01-31-at-20.21.56-2-624x468.jpeg 624w, https:\/\/fanfaresaignelegier.ch\/wordpress\/wp-content\/uploads\/2026\/02\/WhatsApp-Image-2026-01-31-at-20.21.56-2.jpeg 1600w\" sizes=\"auto, (max-width: 1024px) 100vw, 1024px\" \/><\/figure>\n<figure class=\"wp-block-image size-large\"><img loading=\"lazy\" decoding=\"async\" width=\"1024\" height=\"768\" data-id=\"793\" src=\"https:\/\/fanfaresaignelegier.ch\/wordpress\/wp-content\/uploads\/2026\/02\/WhatsApp-Image-2026-01-31-at-20.21.56-4-1-1024x768.jpeg\" alt=\"\" class=\"wp-image-793\" srcset=\"https:\/\/fanfaresaignelegier.ch\/wordpress\/wp-content\/uploads\/2026\/02\/WhatsApp-Image-2026-01-31-at-20.21.56-4-1-1024x768.jpeg 1024w, https:\/\/fanfaresaignelegier.ch\/wordpress\/wp-content\/uploads\/2026\/02\/WhatsApp-Image-2026-01-31-at-20.21.56-4-1-300x225.jpeg 300w, https:\/\/fanfaresaignelegier.ch\/wordpress\/wp-content\/uploads\/2026\/02\/WhatsApp-Image-2026-01-31-at-20.21.56-4-1-768x576.jpeg 768w, https:\/\/fanfaresaignelegier.ch\/wordpress\/wp-content\/uploads\/2026\/02\/WhatsApp-Image-2026-01-31-at-20.21.56-4-1-1536x1152.jpeg 1536w, https:\/\/fanfaresaignelegier.ch\/wordpress\/wp-content\/uploads\/2026\/02\/WhatsApp-Image-2026-01-31-at-20.21.56-4-1-624x468.jpeg 624w, https:\/\/fanfaresaignelegier.ch\/wordpress\/wp-content\/uploads\/2026\/02\/WhatsApp-Image-2026-01-31-at-20.21.56-4-1.jpeg 1600w\" sizes=\"auto, (max-width: 1024px) 100vw, 1024px\" \/><\/figure>\n<\/figure>\n","protected":false},"excerpt":{"rendered":"<p>Un dernier voyage en musique pour Pipou ! Samedi 31 janvier2026, la Musique Fanfare de Saignel\u00e9gier a eu l&rsquo;honneur d&rsquo;accueillir en gare de Saignel\u00e9gier l&rsquo;un de ses membres les plus fid\u00e8les lors d&rsquo;un moment unique et \u00e9mouvant. Claude Jemmely, affectueusement surnomm\u00e9 \u00ab\u00a0Pipou\u00a0\u00bb par tous ses camarades, effectuait son dernier trajet aux commandes d&rsquo;un train des [&hellip;]<\/p>\n","protected":false},"author":2,"featured_media":0,"comment_status":"closed","ping_status":"closed","sticky":false,"template":"","format":"standard","meta":{"footnotes":""},"categories":[10],"tags":[],"class_list":["post-783","post","type-post","status-publish","format-standard","hentry","category-archive"],"_links":{"self":[{"href":"https:\/\/fanfaresaignelegier.ch\/wordpress\/index.php?rest_route=\/wp\/v2\/posts\/783","targetHints":{"allow":["GET"]}}],"collection":[{"href":"https:\/\/fanfaresaignelegier.ch\/wordpress\/index.php?rest_route=\/wp\/v2\/posts"}],"about":[{"href":"https:\/\/fanfaresaignelegier.ch\/wordpress\/index.php?rest_route=\/wp\/v2\/types\/post"}],"author":[{"embeddable":true,"href":"https:\/\/fanfaresaignelegier.ch\/wordpress\/index.php?rest_route=\/wp\/v2\/users\/2"}],"replies":[{"embeddable":true,"href":"https:\/\/fanfaresaignelegier.ch\/wordpress\/index.php?rest_route=%2Fwp%2Fv2%2Fcomments&post=783"}],"version-history":[{"count":5,"href":"https:\/\/fanfaresaignelegier.ch\/wordpress\/index.php?rest_route=\/wp\/v2\/posts\/783\/revisions"}],"predecessor-version":[{"id":796,"href":"https:\/\/fanfaresaignelegier.ch\/wordpress\/index.php?rest_route=\/wp\/v2\/posts\/783\/revisions\/796"}],"wp:attachment":[{"href":"https:\/\/fanfaresaignelegier.ch\/wordpress\/index.php?rest_route=%2Fwp%2Fv2%2Fmedia&parent=783"}],"wp:term":[{"taxonomy":"category","embeddable":true,"href":"https:\/\/fanfaresaignelegier.ch\/wordpress\/index.php?rest_route=%2Fwp%2Fv2%2Fcategories&post=783"},{"taxonomy":"post_tag","embeddable":true,"href":"https:\/\/fanfaresaignelegier.ch\/wordpress\/index.php?rest_route=%2Fwp%2Fv2%2Ftags&post=783"}],"curies":[{"name":"wp","href":"https:\/\/api.w.org\/{rel}","templated":true}]}}