{"id":778,"date":"2025-09-21T08:38:31","date_gmt":"2025-09-21T07:38:31","guid":{"rendered":"https:\/\/fanfaresaignelegier.ch\/wordpress\/?p=778"},"modified":"2026-02-01T11:12:41","modified_gmt":"2026-02-01T10:12:41","slug":"concert-annuel-2026-musique-fanfare-de-saignelegier","status":"publish","type":"post","link":"https:\/\/fanfaresaignelegier.ch\/wordpress\/?p=778","title":{"rendered":"Concert annuel 2026 \u2013 Musique Fanfare de Saignel\u00e9gier"},"content":{"rendered":"<h3 class=\"wp-block-heading\">Une nouvelle page s\u2019\u00e9crit\u2026<\/h3>\n<p class=\"wp-block-paragraph\">La Musique Fanfare de Saignel\u00e9gier vous donne rendez-vous pour son <\/p>\n<p class=\"has-text-align-center wp-block-paragraph\"><strong>concert annuel<\/strong> <br \/><strong>le samedi 28 mars 2026 <br \/>\u00e0 la Salle de spectacle de Saignel\u00e9gier.<\/strong><\/p>\n<p class=\"wp-block-paragraph\"><strong>Cette \u00e9dition s\u2019annonce particuli\u00e8re :<\/strong><br \/>c\u2019est le premier concert sous la direction de notre nouveau directeur <strong>Steve Paratte<\/strong>, qui viendra insuffler sa vision et son \u00e9nergie \u00e0 notre ensemble.<\/p>\n<p class=\"wp-block-paragraph\"><strong>Le programme ?<\/strong><br \/>Encore tenu secret\u2026<br \/>Des \u0153uvres in\u00e9dites ? Des classiques revisit\u00e9s ? Une soci\u00e9t\u00e9 invit\u00e9e ? Qui sait\u2026<br \/>Nous vous laissons deviner et r\u00eaver\u2026<\/p>\n<p class=\"wp-block-paragraph\">Une chose est s\u00fbre : la soir\u00e9e sera pleine de musique, d\u2019\u00e9motion et de surprises.<\/p>\n<ul class=\"wp-block-list\">\n<li><strong>Samedi 28 mars 2026 \u2013 20h00<\/strong><\/li>\n<li><strong>Salle de spectacle de Saignel\u00e9gier<\/strong><\/li>\n<\/ul>\n<p class=\"wp-block-paragraph\">Restez connect\u00e9s, plus de d\u00e9tails suivront\u2026<br \/>Et pr\u00e9parez-vous \u00e0 vivre un moment unique avec la Musique Fanfare de Saignel\u00e9gier !<\/p>\n","protected":false},"excerpt":{"rendered":"<p>Une nouvelle page s\u2019\u00e9crit\u2026 La Musique Fanfare de Saignel\u00e9gier vous donne rendez-vous pour son concert annuel le samedi 28 mars 2026 \u00e0 la Salle de spectacle de Saignel\u00e9gier. Cette \u00e9dition s\u2019annonce particuli\u00e8re :c\u2019est le premier concert sous la direction de notre nouveau directeur Steve Paratte, qui viendra insuffler sa vision et son \u00e9nergie \u00e0 notre [&hellip;]<\/p>\n","protected":false},"author":2,"featured_media":0,"comment_status":"closed","ping_status":"closed","sticky":false,"template":"","format":"standard","meta":{"footnotes":""},"categories":[10],"tags":[],"class_list":["post-778","post","type-post","status-publish","format-standard","hentry","category-archive"],"_links":{"self":[{"href":"https:\/\/fanfaresaignelegier.ch\/wordpress\/index.php?rest_route=\/wp\/v2\/posts\/778","targetHints":{"allow":["GET"]}}],"collection":[{"href":"https:\/\/fanfaresaignelegier.ch\/wordpress\/index.php?rest_route=\/wp\/v2\/posts"}],"about":[{"href":"https:\/\/fanfaresaignelegier.ch\/wordpress\/index.php?rest_route=\/wp\/v2\/types\/post"}],"author":[{"embeddable":true,"href":"https:\/\/fanfaresaignelegier.ch\/wordpress\/index.php?rest_route=\/wp\/v2\/users\/2"}],"replies":[{"embeddable":true,"href":"https:\/\/fanfaresaignelegier.ch\/wordpress\/index.php?rest_route=%2Fwp%2Fv2%2Fcomments&post=778"}],"version-history":[{"count":1,"href":"https:\/\/fanfaresaignelegier.ch\/wordpress\/index.php?rest_route=\/wp\/v2\/posts\/778\/revisions"}],"predecessor-version":[{"id":779,"href":"https:\/\/fanfaresaignelegier.ch\/wordpress\/index.php?rest_route=\/wp\/v2\/posts\/778\/revisions\/779"}],"wp:attachment":[{"href":"https:\/\/fanfaresaignelegier.ch\/wordpress\/index.php?rest_route=%2Fwp%2Fv2%2Fmedia&parent=778"}],"wp:term":[{"taxonomy":"category","embeddable":true,"href":"https:\/\/fanfaresaignelegier.ch\/wordpress\/index.php?rest_route=%2Fwp%2Fv2%2Fcategories&post=778"},{"taxonomy":"post_tag","embeddable":true,"href":"https:\/\/fanfaresaignelegier.ch\/wordpress\/index.php?rest_route=%2Fwp%2Fv2%2Ftags&post=778"}],"curies":[{"name":"wp","href":"https:\/\/api.w.org\/{rel}","templated":true}]}}