{"id":776,"date":"2025-11-21T08:29:42","date_gmt":"2025-11-21T07:29:42","guid":{"rendered":"https:\/\/fanfaresaignelegier.ch\/wordpress\/?p=776"},"modified":"2026-02-01T11:11:56","modified_gmt":"2026-02-01T10:11:56","slug":"jass-par-equipe-samedi-27-decembre-2025","status":"publish","type":"post","link":"https:\/\/fanfaresaignelegier.ch\/wordpress\/?p=776","title":{"rendered":"Jass par \u00e9quipe &#8211; samedi 27 d\u00e9cembre 2025"},"content":{"rendered":"<p class=\"wp-block-paragraph\">Samedi 27 d\u00e9cembre, nous vous attendons nombreux \u00e0 participer \u00e0 notre traditionnel jass par \u00e9quipe<\/p>\n<p class=\"wp-block-paragraph\">Comme \u00e0 l&rsquo;accoutum\u00e9 c&rsquo;est \u00e0 l&rsquo;H\u00f4tel de Ville de Saignel\u00e9gier, d\u00e8s 20 heures que se disputeront les 7&rsquo;536 points permettant \u00e0 la meilleure \u00e9quipe de repartir avec 2 jambons de taille de leur m\u00e9rite.<\/p>\n<p class=\"wp-block-paragraph\">Pour les personnes qui le d\u00e9sirent nous nous ferons un grand plaisir de leur servir une assiette de vol-au-vent avant le d\u00e9but des joutes soit d\u00e8s 19 heures.<\/p>\n<p class=\"wp-block-paragraph\"><strong>Le prix des inscriptions est le suivant<\/strong><\/p>\n<ul class=\"wp-block-list\">\n<li>35.- par personne avec le souper<\/li>\n<li>30.- par personne sans le souper<\/li>\n<\/ul>\n<p class=\"has-text-color has-link-color has-large-font-size wp-elements-1 wp-block-paragraph\" style=\"color:#fa051e\"><strong>Inscription obligatoire<\/strong><\/p>\n<ul class=\"wp-block-list\">\n<li>par SMS au 076\/597.38.68<\/li>\n<li>par mail \u00e0 <a href=\"mailto:jass@fanfaresaignelegier.ch\" target=\"_blank\" rel=\"noreferrer noopener\">jass@fanfaresaignelegier.ch<\/a><\/li>\n<li>par formulaire en ligne : <a href=\"https:\/\/forms.gle\/BJC9FAB9wPvqri4JA\" target=\"_blank\" rel=\"noreferrer noopener\">formulaire d&rsquo;inscription en ligne<\/a><\/li>\n<\/ul>\n<p class=\"wp-block-paragraph\">\n","protected":false},"excerpt":{"rendered":"<p>Samedi 27 d\u00e9cembre, nous vous attendons nombreux \u00e0 participer \u00e0 notre traditionnel jass par \u00e9quipe Comme \u00e0 l&rsquo;accoutum\u00e9 c&rsquo;est \u00e0 l&rsquo;H\u00f4tel de Ville de Saignel\u00e9gier, d\u00e8s 20 heures que se disputeront les 7&rsquo;536 points permettant \u00e0 la meilleure \u00e9quipe de repartir avec 2 jambons de taille de leur m\u00e9rite. Pour les personnes qui le d\u00e9sirent [&hellip;]<\/p>\n","protected":false},"author":2,"featured_media":574,"comment_status":"closed","ping_status":"closed","sticky":false,"template":"","format":"standard","meta":{"footnotes":""},"categories":[10],"tags":[15],"class_list":["post-776","post","type-post","status-publish","format-standard","has-post-thumbnail","hentry","category-archive","tag-jass"],"_links":{"self":[{"href":"https:\/\/fanfaresaignelegier.ch\/wordpress\/index.php?rest_route=\/wp\/v2\/posts\/776","targetHints":{"allow":["GET"]}}],"collection":[{"href":"https:\/\/fanfaresaignelegier.ch\/wordpress\/index.php?rest_route=\/wp\/v2\/posts"}],"about":[{"href":"https:\/\/fanfaresaignelegier.ch\/wordpress\/index.php?rest_route=\/wp\/v2\/types\/post"}],"author":[{"embeddable":true,"href":"https:\/\/fanfaresaignelegier.ch\/wordpress\/index.php?rest_route=\/wp\/v2\/users\/2"}],"replies":[{"embeddable":true,"href":"https:\/\/fanfaresaignelegier.ch\/wordpress\/index.php?rest_route=%2Fwp%2Fv2%2Fcomments&post=776"}],"version-history":[{"count":1,"href":"https:\/\/fanfaresaignelegier.ch\/wordpress\/index.php?rest_route=\/wp\/v2\/posts\/776\/revisions"}],"predecessor-version":[{"id":777,"href":"https:\/\/fanfaresaignelegier.ch\/wordpress\/index.php?rest_route=\/wp\/v2\/posts\/776\/revisions\/777"}],"wp:featuredmedia":[{"embeddable":true,"href":"https:\/\/fanfaresaignelegier.ch\/wordpress\/index.php?rest_route=\/wp\/v2\/media\/574"}],"wp:attachment":[{"href":"https:\/\/fanfaresaignelegier.ch\/wordpress\/index.php?rest_route=%2Fwp%2Fv2%2Fmedia&parent=776"}],"wp:term":[{"taxonomy":"category","embeddable":true,"href":"https:\/\/fanfaresaignelegier.ch\/wordpress\/index.php?rest_route=%2Fwp%2Fv2%2Fcategories&post=776"},{"taxonomy":"post_tag","embeddable":true,"href":"https:\/\/fanfaresaignelegier.ch\/wordpress\/index.php?rest_route=%2Fwp%2Fv2%2Ftags&post=776"}],"curies":[{"name":"wp","href":"https:\/\/api.w.org\/{rel}","templated":true}]}}