{"id":768,"date":"2025-07-08T19:59:26","date_gmt":"2025-07-08T18:59:26","guid":{"rendered":"https:\/\/fanfaresaignelegier.ch\/wordpress\/?p=768"},"modified":"2025-07-08T20:01:10","modified_gmt":"2025-07-08T19:01:10","slug":"steve-paratte-nomme-nouveau-directeur-de-la-musique-fanfare-saignelegier","status":"publish","type":"post","link":"https:\/\/fanfaresaignelegier.ch\/wordpress\/?p=768","title":{"rendered":"Steve Paratte nomm\u00e9 nouveau directeur de la Musique Fanfare Saignel\u00e9gier"},"content":{"rendered":"<p class=\"wp-block-paragraph\">C\u2019est avec joie que nous annon\u00e7ons la nomination de <strong>Steve Paratte<\/strong> au poste de directeur de la Musique Fanfare de Saignel\u00e9gier.<\/p>\n<p class=\"wp-block-paragraph\">Ancien musicien de notre soci\u00e9t\u00e9, Steve conna\u00eet bien les valeurs, les membres et l\u2019esprit de notre fanfare. Son retour, cette fois en tant que chef, marque un moment fort pour notre ensemble. <\/p>\n<p class=\"wp-block-paragraph\">Nous sommes convaincus que sa vision, son \u00e9nergie et son amour de la musique sauront motiver et inspirer les musiciennes et musiciens.<\/p>\n<p class=\"wp-block-paragraph\">Nous adressons \u00e0 Steve nos plus sinc\u00e8res remerciements pour son engagement, ainsi que tous nos v\u0153ux de r\u00e9ussite et de plaisir dans cette nouvelle fonction.<\/p>\n<p class=\"wp-block-paragraph\">Bienvenue, Maestro !<\/p>\n","protected":false},"excerpt":{"rendered":"<p>C\u2019est avec joie que nous annon\u00e7ons la nomination de Steve Paratte au poste de directeur de la Musique Fanfare de Saignel\u00e9gier. Ancien musicien de notre soci\u00e9t\u00e9, Steve conna\u00eet bien les valeurs, les membres et l\u2019esprit de notre fanfare. Son retour, cette fois en tant que chef, marque un moment fort pour notre ensemble. Nous sommes [&hellip;]<\/p>\n","protected":false},"author":2,"featured_media":0,"comment_status":"closed","ping_status":"closed","sticky":false,"template":"","format":"standard","meta":{"footnotes":""},"categories":[2],"tags":[],"class_list":["post-768","post","type-post","status-publish","format-standard","hentry","category-news"],"_links":{"self":[{"href":"https:\/\/fanfaresaignelegier.ch\/wordpress\/index.php?rest_route=\/wp\/v2\/posts\/768","targetHints":{"allow":["GET"]}}],"collection":[{"href":"https:\/\/fanfaresaignelegier.ch\/wordpress\/index.php?rest_route=\/wp\/v2\/posts"}],"about":[{"href":"https:\/\/fanfaresaignelegier.ch\/wordpress\/index.php?rest_route=\/wp\/v2\/types\/post"}],"author":[{"embeddable":true,"href":"https:\/\/fanfaresaignelegier.ch\/wordpress\/index.php?rest_route=\/wp\/v2\/users\/2"}],"replies":[{"embeddable":true,"href":"https:\/\/fanfaresaignelegier.ch\/wordpress\/index.php?rest_route=%2Fwp%2Fv2%2Fcomments&post=768"}],"version-history":[{"count":2,"href":"https:\/\/fanfaresaignelegier.ch\/wordpress\/index.php?rest_route=\/wp\/v2\/posts\/768\/revisions"}],"predecessor-version":[{"id":770,"href":"https:\/\/fanfaresaignelegier.ch\/wordpress\/index.php?rest_route=\/wp\/v2\/posts\/768\/revisions\/770"}],"wp:attachment":[{"href":"https:\/\/fanfaresaignelegier.ch\/wordpress\/index.php?rest_route=%2Fwp%2Fv2%2Fmedia&parent=768"}],"wp:term":[{"taxonomy":"category","embeddable":true,"href":"https:\/\/fanfaresaignelegier.ch\/wordpress\/index.php?rest_route=%2Fwp%2Fv2%2Fcategories&post=768"},{"taxonomy":"post_tag","embeddable":true,"href":"https:\/\/fanfaresaignelegier.ch\/wordpress\/index.php?rest_route=%2Fwp%2Fv2%2Ftags&post=768"}],"curies":[{"name":"wp","href":"https:\/\/api.w.org\/{rel}","templated":true}]}}