{"id":714,"date":"2023-08-16T09:27:30","date_gmt":"2023-08-16T08:27:30","guid":{"rendered":"https:\/\/fanfaresaignelegier.ch\/wordpress\/?p=714"},"modified":"2026-02-01T11:13:33","modified_gmt":"2026-02-01T10:13:33","slug":"marche-concours-2023-merci","status":"publish","type":"post","link":"https:\/\/fanfaresaignelegier.ch\/wordpress\/?p=714","title":{"rendered":"March\u00e9-Concours 2023 : MERCI"},"content":{"rendered":"<p class=\"wp-block-paragraph\">Un immense MERCI \u00e0 tous nos incroyables amis et supporters de la Musique Fanfare de Saignel\u00e9gier ! <\/p>\n<p class=\"wp-block-paragraph\">Quel week-end extraordinaire au March\u00e9-Concours ! On ne peut que dire \u00ab\u00a0Waouh !\u00a0\u00bb \u00e0 tous ceux qui ont pris le temps de passer par notre cantine et savourer ces d\u00e9licieux filets de perches. Vos sourires et vos conversations joyeuses ont vraiment fait briller notre stand.<\/p>\n<p class=\"wp-block-paragraph\">Et bien s\u00fbr, comment oublier notre bar anim\u00e9 qui a \u00e9t\u00e9 le c\u0153ur battant de la f\u00eate ? Des cocktails, bi\u00e8res et ap\u00e9ros en tous genres aux discussions anim\u00e9es, vous avez rendu chaque instant m\u00e9morable.<\/p>\n<p class=\"wp-block-paragraph\">Un hurlement sp\u00e9cial de remerciement \u00e0 nos supporters les plus fid\u00e8les. Votre soutien sans faille envers notre soci\u00e9t\u00e9 de fanfare est une m\u00e9lodie douce \u00e0 nos oreilles.<\/p>\n<p class=\"wp-block-paragraph\">Un chaleureux merci \u00e0 tous nos b\u00e9n\u00e9voles superstars ! Vous \u00e9tiez l\u00e0 \u00e0 chaque \u00e9tape, servant avec le sourire et faisant en sorte que tout se d\u00e9roule sans accroc. Vous \u00eates la vraie d\u00e9finition de l&rsquo;esprit d&rsquo;\u00e9quipe.<\/p>\n<p class=\"wp-block-paragraph\">Et \u00e0 nos amis qui ont rejoint nos rangs pour le d\u00e9fil\u00e9 du dimanche apr\u00e8s-midi, un grand, grand merci ! Votre \u00e9nergie contagieuse a amplifi\u00e9 notre musique et a fait de ce d\u00e9fil\u00e9 un moment dont nous allons parler pendant longtemps. Vous avez tout d\u00e9chir\u00e9 <\/p>\n<p class=\"wp-block-paragraph\">Enfin, \u00e0 nos membres de la Musique Fanfare de Saignel\u00e9gier, je vous salue ! Votre travail acharn\u00e9 et votre passion ont \u00e9t\u00e9 les notes qui ont compos\u00e9 cette symphonie de succ\u00e8s. De la pr\u00e9paration \u00e0 l&rsquo;apoth\u00e9ose finale, vous avez montr\u00e9 une d\u00e9termination in\u00e9branlable.<\/p>\n<p class=\"wp-block-paragraph\">On se retrouve bient\u00f4t pour de nouvelles aventures musicales et festives !<\/p>\n","protected":false},"excerpt":{"rendered":"<p>Un immense MERCI \u00e0 tous nos incroyables amis et supporters de la Musique Fanfare de Saignel\u00e9gier ! Quel week-end extraordinaire au March\u00e9-Concours ! On ne peut que dire \u00ab\u00a0Waouh !\u00a0\u00bb \u00e0 tous ceux qui ont pris le temps de passer par notre cantine et savourer ces d\u00e9licieux filets de perches. Vos sourires et vos conversations [&hellip;]<\/p>\n","protected":false},"author":2,"featured_media":0,"comment_status":"closed","ping_status":"closed","sticky":false,"template":"","format":"standard","meta":{"footnotes":""},"categories":[10],"tags":[],"class_list":["post-714","post","type-post","status-publish","format-standard","hentry","category-archive"],"_links":{"self":[{"href":"https:\/\/fanfaresaignelegier.ch\/wordpress\/index.php?rest_route=\/wp\/v2\/posts\/714","targetHints":{"allow":["GET"]}}],"collection":[{"href":"https:\/\/fanfaresaignelegier.ch\/wordpress\/index.php?rest_route=\/wp\/v2\/posts"}],"about":[{"href":"https:\/\/fanfaresaignelegier.ch\/wordpress\/index.php?rest_route=\/wp\/v2\/types\/post"}],"author":[{"embeddable":true,"href":"https:\/\/fanfaresaignelegier.ch\/wordpress\/index.php?rest_route=\/wp\/v2\/users\/2"}],"replies":[{"embeddable":true,"href":"https:\/\/fanfaresaignelegier.ch\/wordpress\/index.php?rest_route=%2Fwp%2Fv2%2Fcomments&post=714"}],"version-history":[{"count":1,"href":"https:\/\/fanfaresaignelegier.ch\/wordpress\/index.php?rest_route=\/wp\/v2\/posts\/714\/revisions"}],"predecessor-version":[{"id":715,"href":"https:\/\/fanfaresaignelegier.ch\/wordpress\/index.php?rest_route=\/wp\/v2\/posts\/714\/revisions\/715"}],"wp:attachment":[{"href":"https:\/\/fanfaresaignelegier.ch\/wordpress\/index.php?rest_route=%2Fwp%2Fv2%2Fmedia&parent=714"}],"wp:term":[{"taxonomy":"category","embeddable":true,"href":"https:\/\/fanfaresaignelegier.ch\/wordpress\/index.php?rest_route=%2Fwp%2Fv2%2Fcategories&post=714"},{"taxonomy":"post_tag","embeddable":true,"href":"https:\/\/fanfaresaignelegier.ch\/wordpress\/index.php?rest_route=%2Fwp%2Fv2%2Ftags&post=714"}],"curies":[{"name":"wp","href":"https:\/\/api.w.org\/{rel}","templated":true}]}}