{"id":703,"date":"2023-06-10T20:55:06","date_gmt":"2023-06-10T19:55:06","guid":{"rendered":"https:\/\/fanfaresaignelegier.ch\/wordpress\/?p=703"},"modified":"2026-02-01T11:13:33","modified_gmt":"2026-02-01T10:13:33","slug":"une-surprise-musicale-se-prepare-pour-la-rentree-scolaire","status":"publish","type":"post","link":"https:\/\/fanfaresaignelegier.ch\/wordpress\/?p=703","title":{"rendered":"Une surprise musicale se pr\u00e9pare pour la rentr\u00e9e scolaire"},"content":{"rendered":"<p class=\"wp-block-paragraph\">Musique Fanfare de Saignel\u00e9gier : Une surprise musicale se pr\u00e9pare pour la rentr\u00e9e scolaire ! <\/p>\n<p class=\"wp-block-paragraph\">Nous avons de passionnantes nouvelles \u00e0 partager avec vous ! La MFS est en pleine effervescence pour pr\u00e9parer quelque chose de sp\u00e9cial en collaboration avec le corps enseignant de [nom de l&rsquo;\u00e9tablissement scolaire].<\/p>\n<p class=\"wp-block-paragraph\">Qu&rsquo;est-ce que cela implique ? Pour le moment, nous gardons une part de myst\u00e8re, mais soyez pr\u00eats \u00e0 \u00eatre \u00e9poustoufl\u00e9s par une exp\u00e9rience musicale unique, con\u00e7ue sp\u00e9cialement pour les \u00e9l\u00e8ves de [nom de l&rsquo;\u00e9tablissement scolaire]. <\/p>\n<p class=\"wp-block-paragraph\">Restez \u00e0 l&rsquo;aff\u00fbt de nos prochaines annonces, car nous vous d\u00e9voilerons bient\u00f4t tous les d\u00e9tails de cet \u00e9v\u00e9nement inoubliable ! Pr\u00e9parez-vous \u00e0 \u00eatre transport\u00e9s dans un monde magique de musique et de d\u00e9couvertes.<\/p>\n<p class=\"wp-block-paragraph\">Avez-vous des questions ou des suppositions ? Partagez-les dans les commentaires ci-dessous, et nous serons ravis d&rsquo;y r\u00e9pondre.<\/p>\n<p class=\"wp-block-paragraph\">N&rsquo;oubliez pas de suivre notre page pour ne rien manquer des derni\u00e8res nouvelles et pour \u00eatre les premiers \u00e0 conna\u00eetre tous les d\u00e9veloppements passionnants \u00e0 venir !<\/p>\n","protected":false},"excerpt":{"rendered":"<p>Musique Fanfare de Saignel\u00e9gier : Une surprise musicale se pr\u00e9pare pour la rentr\u00e9e scolaire ! Nous avons de passionnantes nouvelles \u00e0 partager avec vous ! La MFS est en pleine effervescence pour pr\u00e9parer quelque chose de sp\u00e9cial en collaboration avec le corps enseignant de [nom de l&rsquo;\u00e9tablissement scolaire]. Qu&rsquo;est-ce que cela implique ? Pour le [&hellip;]<\/p>\n","protected":false},"author":2,"featured_media":0,"comment_status":"closed","ping_status":"closed","sticky":false,"template":"","format":"standard","meta":{"footnotes":""},"categories":[10],"tags":[],"class_list":["post-703","post","type-post","status-publish","format-standard","hentry","category-archive"],"_links":{"self":[{"href":"https:\/\/fanfaresaignelegier.ch\/wordpress\/index.php?rest_route=\/wp\/v2\/posts\/703","targetHints":{"allow":["GET"]}}],"collection":[{"href":"https:\/\/fanfaresaignelegier.ch\/wordpress\/index.php?rest_route=\/wp\/v2\/posts"}],"about":[{"href":"https:\/\/fanfaresaignelegier.ch\/wordpress\/index.php?rest_route=\/wp\/v2\/types\/post"}],"author":[{"embeddable":true,"href":"https:\/\/fanfaresaignelegier.ch\/wordpress\/index.php?rest_route=\/wp\/v2\/users\/2"}],"replies":[{"embeddable":true,"href":"https:\/\/fanfaresaignelegier.ch\/wordpress\/index.php?rest_route=%2Fwp%2Fv2%2Fcomments&post=703"}],"version-history":[{"count":3,"href":"https:\/\/fanfaresaignelegier.ch\/wordpress\/index.php?rest_route=\/wp\/v2\/posts\/703\/revisions"}],"predecessor-version":[{"id":706,"href":"https:\/\/fanfaresaignelegier.ch\/wordpress\/index.php?rest_route=\/wp\/v2\/posts\/703\/revisions\/706"}],"wp:attachment":[{"href":"https:\/\/fanfaresaignelegier.ch\/wordpress\/index.php?rest_route=%2Fwp%2Fv2%2Fmedia&parent=703"}],"wp:term":[{"taxonomy":"category","embeddable":true,"href":"https:\/\/fanfaresaignelegier.ch\/wordpress\/index.php?rest_route=%2Fwp%2Fv2%2Fcategories&post=703"},{"taxonomy":"post_tag","embeddable":true,"href":"https:\/\/fanfaresaignelegier.ch\/wordpress\/index.php?rest_route=%2Fwp%2Fv2%2Ftags&post=703"}],"curies":[{"name":"wp","href":"https:\/\/api.w.org\/{rel}","templated":true}]}}