{"id":695,"date":"2023-06-10T13:56:35","date_gmt":"2023-06-10T12:56:35","guid":{"rendered":"https:\/\/fanfaresaignelegier.ch\/wordpress\/?p=695"},"modified":"2026-02-01T11:13:50","modified_gmt":"2026-02-01T10:13:50","slug":"la-fanfare-de-saignelegier-a-la-rencontre-des-habitants-pour-celebrer-ensemble-une-annee-musicale-inoubliable","status":"publish","type":"post","link":"https:\/\/fanfaresaignelegier.ch\/wordpress\/?p=695","title":{"rendered":"La Fanfare de Saignel\u00e9gier \u00e0 la rencontre des habitants pour c\u00e9l\u00e9brer ensemble une ann\u00e9e musicale inoubliable"},"content":{"rendered":"<p class=\"wp-block-paragraph\">La Fanfare de Saignel\u00e9gier est ravie d&rsquo;annoncer qu&rsquo;elle parcourra les quartiers de notre cher village le jeudi 15 juin (en cas de pluie, le 21 juin) pour offrir de petits concerts et exprimer sa reconnaissance envers les habitants qui ont soutenu notre fanfare tout au long de cette ann\u00e9e musicale m\u00e9morable. Nous vous invitons cordialement \u00e0 vous joindre \u00e0 nous pour partager ces instants musicaux et \u00e9changer quelques mots.<\/p>\n<p class=\"wp-block-paragraph\">Cette initiative sp\u00e9ciale de la Fanfare de Saignel\u00e9gier a pour but de remercier chaleureusement les habitants pour leur soutien ind\u00e9fectible et de cr\u00e9er des moments musicaux privil\u00e9gi\u00e9s, riches en \u00e9motions. Nos talentueux musiciens investiront les diff\u00e9rents quartiers, apportant avec eux leur passion et leur enthousiasme. Ces concerts \u00e0 taille humaine vous permettront de profiter de notre musique de pr\u00e8s, dans une ambiance conviviale et intimiste.<\/p>\n<p class=\"wp-block-paragraph\">Mais les festivit\u00e9s ne s&rsquo;arr\u00eatent pas l\u00e0 ! Nous souhaitons \u00e9galement saisir cette occasion pour susciter l&rsquo;enthousiasme des plus jeunes \u00e0 l&rsquo;\u00e9gard des instruments de cuivre. Avant la rentr\u00e9e scolaire, nous d\u00e9sirons \u00e9veiller leur curiosit\u00e9 en leur faisant d\u00e9couvrir ces instruments fascinants. Les enfants auront ainsi le privil\u00e8ge d&rsquo;observer attentivement les cornets, les trombones, les basses, percussion et bien d&rsquo;autres, et peut-\u00eatre m\u00eame de tenter quelques notes avec eux. C&rsquo;est une opportunit\u00e9 unique pour nos jeunes talents de se familiariser avec ces instruments qui nous tiennent tant \u00e0 c\u0153ur.<\/p>\n<p class=\"wp-block-paragraph\">Nous encourageons vivement tous les habitants de Saignel\u00e9gier \u00e0 venir \u00e0 notre rencontre lors de ces concerts de quartier et \u00e0 partager avec nous ces pr\u00e9cieux moments musicaux. C&rsquo;est l&rsquo;occasion id\u00e9ale de passer un agr\u00e9able moment en famille, de faire la connaissance des membres de la Fanfare et de cr\u00e9er des souvenirs m\u00e9lodieux inoubliables.<\/p>\n<p class=\"wp-block-paragraph\">Pour de plus amples informations veuillez prendre contact avec : Fabrice Gogniat au 076 597 38 68 ou par mail \u00e0 info@fanfaresaignelegier.ch<\/p>\n","protected":false},"excerpt":{"rendered":"<p>La Fanfare de Saignel\u00e9gier est ravie d&rsquo;annoncer qu&rsquo;elle parcourra les quartiers de notre cher village le jeudi 15 juin (en cas de pluie, le 21 juin) pour offrir de petits concerts et exprimer sa reconnaissance envers les habitants qui ont soutenu notre fanfare tout au long de cette ann\u00e9e musicale m\u00e9morable. Nous vous invitons cordialement [&hellip;]<\/p>\n","protected":false},"author":2,"featured_media":0,"comment_status":"closed","ping_status":"closed","sticky":false,"template":"","format":"standard","meta":{"footnotes":""},"categories":[10],"tags":[],"class_list":["post-695","post","type-post","status-publish","format-standard","hentry","category-archive"],"_links":{"self":[{"href":"https:\/\/fanfaresaignelegier.ch\/wordpress\/index.php?rest_route=\/wp\/v2\/posts\/695","targetHints":{"allow":["GET"]}}],"collection":[{"href":"https:\/\/fanfaresaignelegier.ch\/wordpress\/index.php?rest_route=\/wp\/v2\/posts"}],"about":[{"href":"https:\/\/fanfaresaignelegier.ch\/wordpress\/index.php?rest_route=\/wp\/v2\/types\/post"}],"author":[{"embeddable":true,"href":"https:\/\/fanfaresaignelegier.ch\/wordpress\/index.php?rest_route=\/wp\/v2\/users\/2"}],"replies":[{"embeddable":true,"href":"https:\/\/fanfaresaignelegier.ch\/wordpress\/index.php?rest_route=%2Fwp%2Fv2%2Fcomments&post=695"}],"version-history":[{"count":1,"href":"https:\/\/fanfaresaignelegier.ch\/wordpress\/index.php?rest_route=\/wp\/v2\/posts\/695\/revisions"}],"predecessor-version":[{"id":696,"href":"https:\/\/fanfaresaignelegier.ch\/wordpress\/index.php?rest_route=\/wp\/v2\/posts\/695\/revisions\/696"}],"wp:attachment":[{"href":"https:\/\/fanfaresaignelegier.ch\/wordpress\/index.php?rest_route=%2Fwp%2Fv2%2Fmedia&parent=695"}],"wp:term":[{"taxonomy":"category","embeddable":true,"href":"https:\/\/fanfaresaignelegier.ch\/wordpress\/index.php?rest_route=%2Fwp%2Fv2%2Fcategories&post=695"},{"taxonomy":"post_tag","embeddable":true,"href":"https:\/\/fanfaresaignelegier.ch\/wordpress\/index.php?rest_route=%2Fwp%2Fv2%2Ftags&post=695"}],"curies":[{"name":"wp","href":"https:\/\/api.w.org\/{rel}","templated":true}]}}