{"id":683,"date":"2023-03-11T16:47:20","date_gmt":"2023-03-11T15:47:20","guid":{"rendered":"https:\/\/fanfaresaignelegier.ch\/wordpress\/?p=683"},"modified":"2023-06-10T14:06:04","modified_gmt":"2023-06-10T13:06:04","slug":"concert-annuel-de-la-musique-fanfare-de-saignelegier-avec-le-groupe-vocal-imaginairs","status":"publish","type":"post","link":"https:\/\/fanfaresaignelegier.ch\/wordpress\/?p=683","title":{"rendered":"Concert annuel de la Musique Fanfare de Saignel\u00e9gier avec le groupe vocal Imagin&rsquo;Airs !"},"content":{"rendered":"<p class=\"wp-block-paragraph\">Nous sommes heureux de vous annoncer que le concert annuel de la Musique Fanfare de Saignel\u00e9gier aura lieu <\/p>\n<p class=\"has-text-align-center wp-block-paragraph\"><strong>le 1er avril 2023 \u00e0 20h00 \u00e0 la Salle de Spectacles de Saignel\u00e9gier<\/strong><\/p>\n<p class=\"wp-block-paragraph\">La premi\u00e8re partie du concert sera assur\u00e9e par l\u2019ensemble vocal Imagin\u2019Airs, sous la direction de Marianne Cuenin. Ce groupe est constitu\u00e9 de chanteurs amateurs qui interpr\u00e8tent des chansons fran\u00e7aises et internationales avec harmonie et dynamisme.<\/p>\n<p class=\"wp-block-paragraph\">Une soir\u00e9e exceptionnelle vous attend donc avec des chanteurs et musiciens talentueux et une ambiance festive garantie. <\/p>\n<p class=\"wp-block-paragraph\">Venez d\u00e9couvrir les pi\u00e8ces de notre r\u00e9pertoire vari\u00e9, qui mettront \u00e0 l&rsquo;honneur la musique de dessins anim\u00e9s, des chansons populaires et des pi\u00e8ces pour la pr\u00e9paration \u00e0 notre participation au concours du Lutrin d&rsquo;Or le 4 novembre \u00e0 Del\u00e9mont. <\/p>\n<p class=\"wp-block-paragraph\">L&rsquo;entr\u00e9e est gratuite, mais une collecte sera propos\u00e9e \u00e0 la sortie pour soutenir notre fanfare. Il y aura \u00e9galement la possibilit\u00e9 de se restaurer avec des plats chauds et froids tout au long de la soir\u00e9e. <\/p>\n<p class=\"wp-block-paragraph\">Alors ne manquez pas ce concert inoubliable et invitez vos amis et votre famille pour un moment de pur plaisir musical !<\/p>\n<div class=\"wp-block-image is-style-rounded\">\n<figure class=\"aligncenter size-large is-resized\"><img loading=\"lazy\" decoding=\"async\" src=\"https:\/\/fanfaresaignelegier.ch\/wordpress\/wp-content\/uploads\/2023\/03\/ImaginAirs-1024x678.jpeg\" alt=\"\" class=\"wp-image-686\" width=\"768\" height=\"509\" srcset=\"https:\/\/fanfaresaignelegier.ch\/wordpress\/wp-content\/uploads\/2023\/03\/ImaginAirs-1024x678.jpeg 1024w, https:\/\/fanfaresaignelegier.ch\/wordpress\/wp-content\/uploads\/2023\/03\/ImaginAirs-300x199.jpeg 300w, https:\/\/fanfaresaignelegier.ch\/wordpress\/wp-content\/uploads\/2023\/03\/ImaginAirs-768x509.jpeg 768w, https:\/\/fanfaresaignelegier.ch\/wordpress\/wp-content\/uploads\/2023\/03\/ImaginAirs-1536x1017.jpeg 1536w, https:\/\/fanfaresaignelegier.ch\/wordpress\/wp-content\/uploads\/2023\/03\/ImaginAirs.jpeg 2048w\" sizes=\"auto, (max-width: 768px) 100vw, 768px\" \/><figcaption class=\"wp-element-caption\">https:\/\/imaginairs.ch\/<\/figcaption><\/figure>\n<\/div>\n","protected":false},"excerpt":{"rendered":"<p>Nous sommes heureux de vous annoncer que le concert annuel de la Musique Fanfare de Saignel\u00e9gier aura lieu le 1er avril 2023 \u00e0 20h00 \u00e0 la Salle de Spectacles de Saignel\u00e9gier La premi\u00e8re partie du concert sera assur\u00e9e par l\u2019ensemble vocal Imagin\u2019Airs, sous la direction de Marianne Cuenin. Ce groupe est constitu\u00e9 de chanteurs amateurs [&hellip;]<\/p>\n","protected":false},"author":2,"featured_media":684,"comment_status":"closed","ping_status":"closed","sticky":false,"template":"","format":"standard","meta":{"footnotes":""},"categories":[10],"tags":[],"class_list":["post-683","post","type-post","status-publish","format-standard","has-post-thumbnail","hentry","category-archive"],"_links":{"self":[{"href":"https:\/\/fanfaresaignelegier.ch\/wordpress\/index.php?rest_route=\/wp\/v2\/posts\/683","targetHints":{"allow":["GET"]}}],"collection":[{"href":"https:\/\/fanfaresaignelegier.ch\/wordpress\/index.php?rest_route=\/wp\/v2\/posts"}],"about":[{"href":"https:\/\/fanfaresaignelegier.ch\/wordpress\/index.php?rest_route=\/wp\/v2\/types\/post"}],"author":[{"embeddable":true,"href":"https:\/\/fanfaresaignelegier.ch\/wordpress\/index.php?rest_route=\/wp\/v2\/users\/2"}],"replies":[{"embeddable":true,"href":"https:\/\/fanfaresaignelegier.ch\/wordpress\/index.php?rest_route=%2Fwp%2Fv2%2Fcomments&post=683"}],"version-history":[{"count":4,"href":"https:\/\/fanfaresaignelegier.ch\/wordpress\/index.php?rest_route=\/wp\/v2\/posts\/683\/revisions"}],"predecessor-version":[{"id":691,"href":"https:\/\/fanfaresaignelegier.ch\/wordpress\/index.php?rest_route=\/wp\/v2\/posts\/683\/revisions\/691"}],"wp:featuredmedia":[{"embeddable":true,"href":"https:\/\/fanfaresaignelegier.ch\/wordpress\/index.php?rest_route=\/wp\/v2\/media\/684"}],"wp:attachment":[{"href":"https:\/\/fanfaresaignelegier.ch\/wordpress\/index.php?rest_route=%2Fwp%2Fv2%2Fmedia&parent=683"}],"wp:term":[{"taxonomy":"category","embeddable":true,"href":"https:\/\/fanfaresaignelegier.ch\/wordpress\/index.php?rest_route=%2Fwp%2Fv2%2Fcategories&post=683"},{"taxonomy":"post_tag","embeddable":true,"href":"https:\/\/fanfaresaignelegier.ch\/wordpress\/index.php?rest_route=%2Fwp%2Fv2%2Ftags&post=683"}],"curies":[{"name":"wp","href":"https:\/\/api.w.org\/{rel}","templated":true}]}}