{"id":676,"date":"2022-12-18T11:20:20","date_gmt":"2022-12-18T10:20:20","guid":{"rendered":"https:\/\/fanfaresaignelegier.ch\/wordpress\/?p=676"},"modified":"2026-02-01T11:14:39","modified_gmt":"2026-02-01T10:14:39","slug":"courcelon-marche-contest","status":"publish","type":"post","link":"https:\/\/fanfaresaignelegier.ch\/wordpress\/?p=676","title":{"rendered":"Courcelon Marche Contest"},"content":{"rendered":"<p class=\"wp-block-paragraph\">Comme nous l\u2019avions annonc\u00e9 il y a quelques ann\u00e9es, la fanfare de Courcelon a pris le pari de mettre en place une nouvelle manifestation qui se d\u00e9roulera le 30 septembre 2023 \u00e0 Courroux. Le<\/p>\n<p class=\"wp-block-paragraph\"><strong>COURCELON MARCH CONTEST<\/strong>.<\/p>\n<p class=\"wp-block-paragraph\">Suite \u00e0 la situation sanitaire, nous avions eu l&rsquo;obligation de reporter l&rsquo;organisation de celle-ci. 2023 est et sera la bonne\u2026<\/p>\n<p class=\"wp-block-paragraph\">Pour rappel, nous souhaitons mettre en place un concours d\u2019un nouveau genre et qui permettra \u00e0 toutes les soci\u00e9t\u00e9s, peu importe la cat\u00e9gorie dans laquelle celle-ci \u00e9volue, d\u2019y participer.<\/p>\n<p class=\"wp-block-paragraph\">Le principe est simple, chaque soci\u00e9t\u00e9 qui s\u2019inscrit devra jouer devant un jury professionnel, un choral (non jug\u00e9) suivi d\u2019une marche de son choix. Ceci se d\u00e9roulera sur sc\u00e8ne, debout et en formation de concert. Aucun d\u00e9fil\u00e9 n\u2019est pr\u00e9vu.<\/p>\n<p class=\"wp-block-paragraph\">Plusieurs cat\u00e9gories sont propos\u00e9es, \u00e0 savoir&nbsp;: Brass Band, cat\u00e9gorie A (2<sup>\u00e8me<\/sup>&nbsp;cat\u00e9gorie et sup\u00e9rieure), Brass Band, cat\u00e9gorie B (3<sup>\u00e8me<\/sup>&nbsp;et 4<sup>\u00e8me<\/sup>&nbsp;cat\u00e9gorie) et Harmonie (2 cat\u00e9gories peuvent \u00eatre cr\u00e9\u00e9s en fonction du nombre d\u2019inscrit).<\/p>\n<p class=\"wp-block-paragraph\">Nous aimerions aussi initier nos ensembles de jeunes \u00e0 participer \u00e0 ce concours, c\u2019est pourquoi nous avons d\u00e9cid\u00e9 de cr\u00e9er une cat\u00e9gorie&nbsp;<strong>YOUNG BAND<\/strong>.<\/p>\n<p class=\"wp-block-paragraph\">Le 1<sup>er<\/sup>&nbsp;de chaque cat\u00e9gorie se verra remettre un prix.<\/p>\n<p class=\"wp-block-paragraph\">Pour assurer une organisation de qualit\u00e9, le nombre d\u2019inscriptions sera limit\u00e9. Afin de permettre au plus grand nombre de soci\u00e9t\u00e9s d\u2019y participer.<\/p>\n<p class=\"wp-block-paragraph\">Nous vous remettons en pi\u00e8ce jointe, le r\u00e8glement du concours ainsi qu\u2019un formulaire d\u2019inscription. Nous aimerions demander \u00e0 chaque pr\u00e9sident de nous le retourner jusqu\u2019au 28.02.2023, au plus tard. Merci \u00e9galement aux soci\u00e9t\u00e9s qui ne souhaitent pas y participer de nous faire un retour.<\/p>\n<p class=\"wp-block-paragraph\">Nous sommes certains que ce concours GRANDIOSE d\u2019un nouveau genre saura ravir le plus grand nombre d\u2019entre vous et la fanfare de Courcelon se r\u00e9jouit de vous entendre \u00e0 cette&nbsp;<strong>1<sup>\u00e8re<\/sup>&nbsp;\u00e9dition<\/strong>&nbsp;du&nbsp;<strong>Courcelon March Contest.<\/strong><\/p>\n<p class=\"wp-block-paragraph\">Salutations musicales et amicales de la Fanfare de Courcelon.<\/p>\n<p class=\"wp-block-paragraph\">Fanfare de Courcelon<\/p>\n<p class=\"wp-block-paragraph\">Le comit\u00e9 d\u2019organisation<\/p>\n","protected":false},"excerpt":{"rendered":"<p>Comme nous l\u2019avions annonc\u00e9 il y a quelques ann\u00e9es, la fanfare de Courcelon a pris le pari de mettre en place une nouvelle manifestation qui se d\u00e9roulera le 30 septembre 2023 \u00e0 Courroux. Le COURCELON MARCH CONTEST. Suite \u00e0 la situation sanitaire, nous avions eu l&rsquo;obligation de reporter l&rsquo;organisation de celle-ci. 2023 est et sera [&hellip;]<\/p>\n","protected":false},"author":2,"featured_media":0,"comment_status":"closed","ping_status":"closed","sticky":false,"template":"","format":"standard","meta":{"footnotes":""},"categories":[10],"tags":[],"class_list":["post-676","post","type-post","status-publish","format-standard","hentry","category-archive"],"_links":{"self":[{"href":"https:\/\/fanfaresaignelegier.ch\/wordpress\/index.php?rest_route=\/wp\/v2\/posts\/676","targetHints":{"allow":["GET"]}}],"collection":[{"href":"https:\/\/fanfaresaignelegier.ch\/wordpress\/index.php?rest_route=\/wp\/v2\/posts"}],"about":[{"href":"https:\/\/fanfaresaignelegier.ch\/wordpress\/index.php?rest_route=\/wp\/v2\/types\/post"}],"author":[{"embeddable":true,"href":"https:\/\/fanfaresaignelegier.ch\/wordpress\/index.php?rest_route=\/wp\/v2\/users\/2"}],"replies":[{"embeddable":true,"href":"https:\/\/fanfaresaignelegier.ch\/wordpress\/index.php?rest_route=%2Fwp%2Fv2%2Fcomments&post=676"}],"version-history":[{"count":1,"href":"https:\/\/fanfaresaignelegier.ch\/wordpress\/index.php?rest_route=\/wp\/v2\/posts\/676\/revisions"}],"predecessor-version":[{"id":677,"href":"https:\/\/fanfaresaignelegier.ch\/wordpress\/index.php?rest_route=\/wp\/v2\/posts\/676\/revisions\/677"}],"wp:attachment":[{"href":"https:\/\/fanfaresaignelegier.ch\/wordpress\/index.php?rest_route=%2Fwp%2Fv2%2Fmedia&parent=676"}],"wp:term":[{"taxonomy":"category","embeddable":true,"href":"https:\/\/fanfaresaignelegier.ch\/wordpress\/index.php?rest_route=%2Fwp%2Fv2%2Fcategories&post=676"},{"taxonomy":"post_tag","embeddable":true,"href":"https:\/\/fanfaresaignelegier.ch\/wordpress\/index.php?rest_route=%2Fwp%2Fv2%2Ftags&post=676"}],"curies":[{"name":"wp","href":"https:\/\/api.w.org\/{rel}","templated":true}]}}