{"id":666,"date":"2022-11-27T18:12:02","date_gmt":"2022-11-27T17:12:02","guid":{"rendered":"https:\/\/fanfaresaignelegier.ch\/wordpress\/?p=666"},"modified":"2023-06-10T14:05:49","modified_gmt":"2023-06-10T13:05:49","slug":"jass-par-equipe-29-decembre-2022","status":"publish","type":"post","link":"https:\/\/fanfaresaignelegier.ch\/wordpress\/?p=666","title":{"rendered":"Jass par \u00e9quipe &#8211; 29 d\u00e9cembre 2022"},"content":{"rendered":"<p class=\"wp-block-paragraph\">Jeudi 29 d\u00e9cembre, nous vous attendons nombreux \u00e0 participer \u00e0 notre traditionnel jass par \u00e9quipe<\/p>\n<p class=\"wp-block-paragraph\">Comme \u00e0 l&rsquo;accoutum\u00e9 c&rsquo;est \u00e0 l&rsquo;H\u00f4tel de Ville de Saignel\u00e9gier, d\u00e8s 20 heures que se disputeront les 7&rsquo;536 points permettant \u00e0 la meilleure \u00e9quipe de repartir avec 2 jambons de taille de leur m\u00e9rite.<\/p>\n<p class=\"wp-block-paragraph\">Pour les personnes qui le d\u00e9sirent nous nous ferons un grand plaisir de leur servir une assiette de vol-au-vent avant le d\u00e9but des joutes soit d\u00e8s 19 heures.<\/p>\n<p class=\"wp-block-paragraph\"><strong>Le prix des inscriptions est le suivant<\/strong><\/p>\n<ul class=\"wp-block-list\">\n<li>30.- par personne avec le souper<\/li>\n<li>25.- par personne sans le souper<\/li>\n<\/ul>\n<p class=\"wp-block-paragraph\"><strong>Inscriptions<\/strong><\/p>\n<ul class=\"wp-block-list\">\n<li>sur place d\u00e8s 18:30<\/li>\n<li>par t\u00e9l\u00e9phone au 076\/597.38.68 &#8211; SMS \u00e9galement<\/li>\n<li>par mail \u00e0 <a rel=\"noreferrer noopener\" href=\"mailto:jass@fanfaresaignelegier.ch\" target=\"_blank\">jass@fanfaresaignelegier.ch<\/a> <\/li>\n<li>par formulaire en ligne : <a href=\"https:\/\/docs.google.com\/forms\/d\/e\/1FAIpQLSeSq5qVTCXV3Qai_jIjcp_bbrEgDKMoKVGtzeBiMGkwvmKZyQ\/viewform?usp=pp_url\" target=\"_blank\" rel=\"noreferrer noopener\">formulaire d&rsquo;inscription en ligne<\/a><\/li>\n<\/ul>\n","protected":false},"excerpt":{"rendered":"<p>Jeudi 29 d\u00e9cembre, nous vous attendons nombreux \u00e0 participer \u00e0 notre traditionnel jass par \u00e9quipe Comme \u00e0 l&rsquo;accoutum\u00e9 c&rsquo;est \u00e0 l&rsquo;H\u00f4tel de Ville de Saignel\u00e9gier, d\u00e8s 20 heures que se disputeront les 7&rsquo;536 points permettant \u00e0 la meilleure \u00e9quipe de repartir avec 2 jambons de taille de leur m\u00e9rite. Pour les personnes qui le d\u00e9sirent [&hellip;]<\/p>\n","protected":false},"author":2,"featured_media":574,"comment_status":"closed","ping_status":"closed","sticky":true,"template":"","format":"standard","meta":{"footnotes":""},"categories":[10],"tags":[15],"class_list":["post-666","post","type-post","status-publish","format-standard","has-post-thumbnail","hentry","category-archive","tag-jass"],"_links":{"self":[{"href":"https:\/\/fanfaresaignelegier.ch\/wordpress\/index.php?rest_route=\/wp\/v2\/posts\/666","targetHints":{"allow":["GET"]}}],"collection":[{"href":"https:\/\/fanfaresaignelegier.ch\/wordpress\/index.php?rest_route=\/wp\/v2\/posts"}],"about":[{"href":"https:\/\/fanfaresaignelegier.ch\/wordpress\/index.php?rest_route=\/wp\/v2\/types\/post"}],"author":[{"embeddable":true,"href":"https:\/\/fanfaresaignelegier.ch\/wordpress\/index.php?rest_route=\/wp\/v2\/users\/2"}],"replies":[{"embeddable":true,"href":"https:\/\/fanfaresaignelegier.ch\/wordpress\/index.php?rest_route=%2Fwp%2Fv2%2Fcomments&post=666"}],"version-history":[{"count":2,"href":"https:\/\/fanfaresaignelegier.ch\/wordpress\/index.php?rest_route=\/wp\/v2\/posts\/666\/revisions"}],"predecessor-version":[{"id":668,"href":"https:\/\/fanfaresaignelegier.ch\/wordpress\/index.php?rest_route=\/wp\/v2\/posts\/666\/revisions\/668"}],"wp:featuredmedia":[{"embeddable":true,"href":"https:\/\/fanfaresaignelegier.ch\/wordpress\/index.php?rest_route=\/wp\/v2\/media\/574"}],"wp:attachment":[{"href":"https:\/\/fanfaresaignelegier.ch\/wordpress\/index.php?rest_route=%2Fwp%2Fv2%2Fmedia&parent=666"}],"wp:term":[{"taxonomy":"category","embeddable":true,"href":"https:\/\/fanfaresaignelegier.ch\/wordpress\/index.php?rest_route=%2Fwp%2Fv2%2Fcategories&post=666"},{"taxonomy":"post_tag","embeddable":true,"href":"https:\/\/fanfaresaignelegier.ch\/wordpress\/index.php?rest_route=%2Fwp%2Fv2%2Ftags&post=666"}],"curies":[{"name":"wp","href":"https:\/\/api.w.org\/{rel}","templated":true}]}}