{"id":651,"date":"2022-06-24T16:24:07","date_gmt":"2022-06-24T15:24:07","guid":{"rendered":"https:\/\/fanfaresaignelegier.ch\/wordpress\/?p=651"},"modified":"2023-06-10T14:06:20","modified_gmt":"2023-06-10T13:06:20","slug":"assemblee-des-delegues","status":"publish","type":"post","link":"https:\/\/fanfaresaignelegier.ch\/wordpress\/?p=651","title":{"rendered":"Assembl\u00e9e des d\u00e9l\u00e9gu\u00e9s"},"content":{"rendered":"<p class=\"wp-block-paragraph\">C&rsquo;est par un beau dimanche du 12 juin que nous avons accompagn\u00e9 Delphine et Fabrice \u00e0 Bienne afin qu&rsquo;ils puissent enfin toucher leur m\u00e9daille du m\u00e9rite.<\/p>\n<p class=\"wp-block-paragraph\">En effet, la pand\u00e9mie \u00e0 fait remettre par deux fois l&rsquo;assembl\u00e9e des d\u00e9l\u00e9gu\u00e9es durant laquelle les m\u00e9daill\u00e9s sont r\u00e9compens\u00e9s pour les 25, 35, 50, 60 et 70, &#8230; ann\u00e9es de musique.<\/p>\n<p class=\"wp-block-paragraph\">Delphine a ainsi touch\u00e9 sa m\u00e9daille pour 25 ans de musique <\/p>\n<p class=\"wp-block-paragraph\">Fabrice \u00e0 quant \u00e0 lui touch\u00e9 la m\u00e9daille ASM pour 35 ans de musique<\/p>\n<p class=\"wp-block-paragraph\">Un grand bravo et merci \u00e0 ces deux musiciens pour leur d\u00e9vouement pour la musique et \u00e0 leur soci\u00e9t\u00e9<\/p>\n<figure class=\"wp-block-gallery has-nested-images columns-default is-cropped wp-block-gallery-1 is-layout-flex wp-block-gallery-is-layout-flex\">\n<figure class=\"wp-block-image size-full is-style-default\"><img loading=\"lazy\" decoding=\"async\" width=\"768\" height=\"1024\" data-id=\"659\" src=\"https:\/\/fanfaresaignelegier.ch\/wordpress\/wp-content\/uploads\/2022\/06\/WhatsApp-Image-2022-06-12-at-14.41.43.jpeg\" alt=\"\" class=\"wp-image-659\" srcset=\"https:\/\/fanfaresaignelegier.ch\/wordpress\/wp-content\/uploads\/2022\/06\/WhatsApp-Image-2022-06-12-at-14.41.43.jpeg 768w, https:\/\/fanfaresaignelegier.ch\/wordpress\/wp-content\/uploads\/2022\/06\/WhatsApp-Image-2022-06-12-at-14.41.43-225x300.jpeg 225w\" sizes=\"auto, (max-width: 768px) 100vw, 768px\" \/><\/figure>\n<figure class=\"wp-block-image size-large is-style-default\"><img loading=\"lazy\" decoding=\"async\" width=\"960\" height=\"1792\" data-id=\"660\" src=\"https:\/\/fanfaresaignelegier.ch\/wordpress\/wp-content\/uploads\/2022\/06\/WhatsApp-Image-2022-06-12-at-14.41.59-1.jpeg\" alt=\"\" class=\"wp-image-660\" srcset=\"https:\/\/fanfaresaignelegier.ch\/wordpress\/wp-content\/uploads\/2022\/06\/WhatsApp-Image-2022-06-12-at-14.41.59-1.jpeg 960w, https:\/\/fanfaresaignelegier.ch\/wordpress\/wp-content\/uploads\/2022\/06\/WhatsApp-Image-2022-06-12-at-14.41.59-1-161x300.jpeg 161w, https:\/\/fanfaresaignelegier.ch\/wordpress\/wp-content\/uploads\/2022\/06\/WhatsApp-Image-2022-06-12-at-14.41.59-1-549x1024.jpeg 549w, https:\/\/fanfaresaignelegier.ch\/wordpress\/wp-content\/uploads\/2022\/06\/WhatsApp-Image-2022-06-12-at-14.41.59-1-768x1434.jpeg 768w, https:\/\/fanfaresaignelegier.ch\/wordpress\/wp-content\/uploads\/2022\/06\/WhatsApp-Image-2022-06-12-at-14.41.59-1-823x1536.jpeg 823w\" sizes=\"auto, (max-width: 960px) 100vw, 960px\" \/><\/figure>\n<\/figure>\n","protected":false},"excerpt":{"rendered":"<p>C&rsquo;est par un beau dimanche du 12 juin que nous avons accompagn\u00e9 Delphine et Fabrice \u00e0 Bienne afin qu&rsquo;ils puissent enfin toucher leur m\u00e9daille du m\u00e9rite. En effet, la pand\u00e9mie \u00e0 fait remettre par deux fois l&rsquo;assembl\u00e9e des d\u00e9l\u00e9gu\u00e9es durant laquelle les m\u00e9daill\u00e9s sont r\u00e9compens\u00e9s pour les 25, 35, 50, 60 et 70, &#8230; ann\u00e9es [&hellip;]<\/p>\n","protected":false},"author":2,"featured_media":0,"comment_status":"closed","ping_status":"closed","sticky":false,"template":"","format":"standard","meta":{"footnotes":""},"categories":[10],"tags":[],"class_list":["post-651","post","type-post","status-publish","format-standard","hentry","category-archive"],"_links":{"self":[{"href":"https:\/\/fanfaresaignelegier.ch\/wordpress\/index.php?rest_route=\/wp\/v2\/posts\/651","targetHints":{"allow":["GET"]}}],"collection":[{"href":"https:\/\/fanfaresaignelegier.ch\/wordpress\/index.php?rest_route=\/wp\/v2\/posts"}],"about":[{"href":"https:\/\/fanfaresaignelegier.ch\/wordpress\/index.php?rest_route=\/wp\/v2\/types\/post"}],"author":[{"embeddable":true,"href":"https:\/\/fanfaresaignelegier.ch\/wordpress\/index.php?rest_route=\/wp\/v2\/users\/2"}],"replies":[{"embeddable":true,"href":"https:\/\/fanfaresaignelegier.ch\/wordpress\/index.php?rest_route=%2Fwp%2Fv2%2Fcomments&post=651"}],"version-history":[{"count":6,"href":"https:\/\/fanfaresaignelegier.ch\/wordpress\/index.php?rest_route=\/wp\/v2\/posts\/651\/revisions"}],"predecessor-version":[{"id":662,"href":"https:\/\/fanfaresaignelegier.ch\/wordpress\/index.php?rest_route=\/wp\/v2\/posts\/651\/revisions\/662"}],"wp:attachment":[{"href":"https:\/\/fanfaresaignelegier.ch\/wordpress\/index.php?rest_route=%2Fwp%2Fv2%2Fmedia&parent=651"}],"wp:term":[{"taxonomy":"category","embeddable":true,"href":"https:\/\/fanfaresaignelegier.ch\/wordpress\/index.php?rest_route=%2Fwp%2Fv2%2Fcategories&post=651"},{"taxonomy":"post_tag","embeddable":true,"href":"https:\/\/fanfaresaignelegier.ch\/wordpress\/index.php?rest_route=%2Fwp%2Fv2%2Ftags&post=651"}],"curies":[{"name":"wp","href":"https:\/\/api.w.org\/{rel}","templated":true}]}}