{"id":556,"date":"2022-02-12T11:16:01","date_gmt":"2022-02-12T10:16:01","guid":{"rendered":"http:\/\/fanfaresaignelegier.ch\/wordpress\/?p=556"},"modified":"2022-06-24T15:56:15","modified_gmt":"2022-06-24T14:56:15","slug":"concert-2022","status":"publish","type":"post","link":"https:\/\/fanfaresaignelegier.ch\/wordpress\/?p=556","title":{"rendered":"Concert 2022"},"content":{"rendered":"<p>La Musique Fanfare vous invite \u00e0 son traditionnel concert annuel.<\/p>\n<blockquote>\n<p>Il est l\u2019aboutissement ultime pour une soci\u00e9t\u00e9 :<\/p>\n<p>partager sa passion en proposant \u00e0 son public un moment musical \u00e9labor\u00e9 durant plusieurs mois<\/p>\n<\/blockquote>\n<p>Cette ann\u00e9e est encore plus particuli\u00e8re car cela fait deux ann\u00e9es maintenant que nous n&rsquo;avons plus pu nous produire en concert, devant vous, chers spectateurs, chers amis.<\/p>\n<p>Venez donc nous encourager et nous soutenir \u00e0 l&rsquo;occasion de notre concerta annuel.<\/p>\n<p style=\"text-align: center;\"><strong>Samedi 9 avril \u00e0 20h 15<\/strong><br \/><strong> Salle de Spectacle de Saignel\u00e9gier<\/strong><\/p>\n<p>Au plaisir de vous retrouver<\/p>\n<p>Programme complet &#8211; <em>(en pr\u00e9paration)<\/em><\/p>\n","protected":false},"excerpt":{"rendered":"","protected":false},"author":2,"featured_media":0,"comment_status":"closed","ping_status":"closed","sticky":false,"template":"","format":"standard","meta":{"footnotes":""},"categories":[10],"tags":[],"class_list":["post-556","post","type-post","status-publish","format-standard","hentry","category-archive"],"_links":{"self":[{"href":"https:\/\/fanfaresaignelegier.ch\/wordpress\/index.php?rest_route=\/wp\/v2\/posts\/556","targetHints":{"allow":["GET"]}}],"collection":[{"href":"https:\/\/fanfaresaignelegier.ch\/wordpress\/index.php?rest_route=\/wp\/v2\/posts"}],"about":[{"href":"https:\/\/fanfaresaignelegier.ch\/wordpress\/index.php?rest_route=\/wp\/v2\/types\/post"}],"author":[{"embeddable":true,"href":"https:\/\/fanfaresaignelegier.ch\/wordpress\/index.php?rest_route=\/wp\/v2\/users\/2"}],"replies":[{"embeddable":true,"href":"https:\/\/fanfaresaignelegier.ch\/wordpress\/index.php?rest_route=%2Fwp%2Fv2%2Fcomments&post=556"}],"version-history":[{"count":1,"href":"https:\/\/fanfaresaignelegier.ch\/wordpress\/index.php?rest_route=\/wp\/v2\/posts\/556\/revisions"}],"predecessor-version":[{"id":557,"href":"https:\/\/fanfaresaignelegier.ch\/wordpress\/index.php?rest_route=\/wp\/v2\/posts\/556\/revisions\/557"}],"wp:attachment":[{"href":"https:\/\/fanfaresaignelegier.ch\/wordpress\/index.php?rest_route=%2Fwp%2Fv2%2Fmedia&parent=556"}],"wp:term":[{"taxonomy":"category","embeddable":true,"href":"https:\/\/fanfaresaignelegier.ch\/wordpress\/index.php?rest_route=%2Fwp%2Fv2%2Fcategories&post=556"},{"taxonomy":"post_tag","embeddable":true,"href":"https:\/\/fanfaresaignelegier.ch\/wordpress\/index.php?rest_route=%2Fwp%2Fv2%2Ftags&post=556"}],"curies":[{"name":"wp","href":"https:\/\/api.w.org\/{rel}","templated":true}]}}