{"id":547,"date":"2021-12-05T15:20:59","date_gmt":"2021-12-05T14:20:59","guid":{"rendered":"http:\/\/fanfaresaignelegier.ch\/wordpress\/?p=547"},"modified":"2022-01-02T10:19:04","modified_gmt":"2022-01-02T09:19:04","slug":"annulation-du-jass-par-equipe-27-decembre-2021","status":"publish","type":"post","link":"https:\/\/fanfaresaignelegier.ch\/wordpress\/?p=547","title":{"rendered":"Annulation du Jass par \u00e9quipe &#8211; 27 d\u00e9cembre 2021"},"content":{"rendered":"<h3 style=\"text-align: center;\"><span style=\"color: #ff0000;\">Le jass par \u00e9quipe pr\u00e9vu le lundi 27 d\u00e9cembre<\/span><br \/><span style=\"color: #ff0000;\">est annul\u00e9 pour raisons de contraintes sanitaires trop importantes<\/span><\/h3>\n<p>\u00a0<\/p>\n<p>En raison des nouvelles contraintes sanitaires, le comit\u00e9 de la Musique Fanfare Saignel\u00e9gier, se voit dans l&rsquo;obligation d&rsquo;annuler son traditionnel Jass par \u00e9quipes.<\/p>\n<p>Nous vous remercions chaleureusement de votre soutien \u00e0 notre jass ainsi qu&rsquo;\u00e0 notre soci\u00e9t\u00e9 et esp\u00e9rons pouvoir vous retrouver tr\u00e8s prochainement.<\/p>\n<p>En effet, nous avons l&rsquo;intention de reporter ce jass au printemps prochain dans l&rsquo;espoir que la situation sanitaire \u00e9volue vers le mieux.<\/p>\n<p>D&rsquo;ici l\u00e0, nous vous souhaitons de passer de belle f\u00eates de fin d&rsquo;ann\u00e9e, vous pr\u00e9sentons nos meilleurs voeux et esp\u00e9rons pouvoir compter sur votre participation \u00e0 notre prochaine \u00e9dition.<\/p>\n<p>\u00a0<\/p>\n<p>Le comit\u00e9<\/p>\n","protected":false},"excerpt":{"rendered":"","protected":false},"author":2,"featured_media":0,"comment_status":"closed","ping_status":"closed","sticky":false,"template":"","format":"standard","meta":{"footnotes":""},"categories":[10],"tags":[],"class_list":["post-547","post","type-post","status-publish","format-standard","hentry","category-archive"],"_links":{"self":[{"href":"https:\/\/fanfaresaignelegier.ch\/wordpress\/index.php?rest_route=\/wp\/v2\/posts\/547","targetHints":{"allow":["GET"]}}],"collection":[{"href":"https:\/\/fanfaresaignelegier.ch\/wordpress\/index.php?rest_route=\/wp\/v2\/posts"}],"about":[{"href":"https:\/\/fanfaresaignelegier.ch\/wordpress\/index.php?rest_route=\/wp\/v2\/types\/post"}],"author":[{"embeddable":true,"href":"https:\/\/fanfaresaignelegier.ch\/wordpress\/index.php?rest_route=\/wp\/v2\/users\/2"}],"replies":[{"embeddable":true,"href":"https:\/\/fanfaresaignelegier.ch\/wordpress\/index.php?rest_route=%2Fwp%2Fv2%2Fcomments&post=547"}],"version-history":[{"count":1,"href":"https:\/\/fanfaresaignelegier.ch\/wordpress\/index.php?rest_route=\/wp\/v2\/posts\/547\/revisions"}],"predecessor-version":[{"id":548,"href":"https:\/\/fanfaresaignelegier.ch\/wordpress\/index.php?rest_route=\/wp\/v2\/posts\/547\/revisions\/548"}],"wp:attachment":[{"href":"https:\/\/fanfaresaignelegier.ch\/wordpress\/index.php?rest_route=%2Fwp%2Fv2%2Fmedia&parent=547"}],"wp:term":[{"taxonomy":"category","embeddable":true,"href":"https:\/\/fanfaresaignelegier.ch\/wordpress\/index.php?rest_route=%2Fwp%2Fv2%2Fcategories&post=547"},{"taxonomy":"post_tag","embeddable":true,"href":"https:\/\/fanfaresaignelegier.ch\/wordpress\/index.php?rest_route=%2Fwp%2Fv2%2Ftags&post=547"}],"curies":[{"name":"wp","href":"https:\/\/api.w.org\/{rel}","templated":true}]}}