{"id":509,"date":"2019-12-30T21:55:05","date_gmt":"2019-12-30T20:55:05","guid":{"rendered":"http:\/\/fanfaresaignelegier.ch\/wordpress\/?p=509"},"modified":"2022-06-24T15:56:39","modified_gmt":"2022-06-24T14:56:39","slug":"concert-2019","status":"publish","type":"post","link":"https:\/\/fanfaresaignelegier.ch\/wordpress\/?p=509","title":{"rendered":"Concert 2020 &#8211; report\u00e9"},"content":{"rendered":"<p>La Musique Fanfare vous invite \u00e0 son traditionnel concert annuel.<\/p>\n<blockquote>\n<p>Il est l\u2019aboutissement ultime pour une soci\u00e9t\u00e9 :<\/p>\n<p>partager sa passion en proposant \u00e0 son public un moment musical \u00e9labor\u00e9 durant plusieurs mois<\/p>\n<\/blockquote>\n<p>Rendez-vous donc le<\/p>\n<p style=\"text-align: center;\"><strong>Samedi 4 avril \u00e0 20h 15<\/strong><br \/><strong> Salle de Spectacle de Saignel\u00e9gier<\/strong><\/p>\n<p>A bient\u00f4t<\/p>\n<p>Programme complet &#8211; <span style=\"color: #000000;\"><em>(en pr\u00e9paration)<\/em><\/span><\/p>\n","protected":false},"excerpt":{"rendered":"<p>La Musique Fanfare vous invite \u00e0 son traditionnel concert annuel. Il est l\u2019aboutissement ultime pour une soci\u00e9t\u00e9 : partager sa passion en proposant \u00e0 son public un moment musical \u00e9labor\u00e9 durant plusieurs mois Rendez-vous donc le Samedi 4 avril \u00e0 20h 15 Salle de Spectacle de Saignel\u00e9gier A bient\u00f4t Programme complet &#8211; (en pr\u00e9paration)<\/p>\n","protected":false},"author":2,"featured_media":0,"comment_status":"closed","ping_status":"closed","sticky":true,"template":"","format":"standard","meta":{"footnotes":""},"categories":[10],"tags":[],"class_list":["post-509","post","type-post","status-publish","format-standard","hentry","category-archive"],"_links":{"self":[{"href":"https:\/\/fanfaresaignelegier.ch\/wordpress\/index.php?rest_route=\/wp\/v2\/posts\/509","targetHints":{"allow":["GET"]}}],"collection":[{"href":"https:\/\/fanfaresaignelegier.ch\/wordpress\/index.php?rest_route=\/wp\/v2\/posts"}],"about":[{"href":"https:\/\/fanfaresaignelegier.ch\/wordpress\/index.php?rest_route=\/wp\/v2\/types\/post"}],"author":[{"embeddable":true,"href":"https:\/\/fanfaresaignelegier.ch\/wordpress\/index.php?rest_route=\/wp\/v2\/users\/2"}],"replies":[{"embeddable":true,"href":"https:\/\/fanfaresaignelegier.ch\/wordpress\/index.php?rest_route=%2Fwp%2Fv2%2Fcomments&post=509"}],"version-history":[{"count":5,"href":"https:\/\/fanfaresaignelegier.ch\/wordpress\/index.php?rest_route=\/wp\/v2\/posts\/509\/revisions"}],"predecessor-version":[{"id":518,"href":"https:\/\/fanfaresaignelegier.ch\/wordpress\/index.php?rest_route=\/wp\/v2\/posts\/509\/revisions\/518"}],"wp:attachment":[{"href":"https:\/\/fanfaresaignelegier.ch\/wordpress\/index.php?rest_route=%2Fwp%2Fv2%2Fmedia&parent=509"}],"wp:term":[{"taxonomy":"category","embeddable":true,"href":"https:\/\/fanfaresaignelegier.ch\/wordpress\/index.php?rest_route=%2Fwp%2Fv2%2Fcategories&post=509"},{"taxonomy":"post_tag","embeddable":true,"href":"https:\/\/fanfaresaignelegier.ch\/wordpress\/index.php?rest_route=%2Fwp%2Fv2%2Ftags&post=509"}],"curies":[{"name":"wp","href":"https:\/\/api.w.org\/{rel}","templated":true}]}}