{"id":48,"date":"2015-07-15T08:24:55","date_gmt":"2015-07-15T07:24:55","guid":{"rendered":"http:\/\/fanfaresaignelegier.ch\/wordpress\/?p=48"},"modified":"2015-08-28T09:49:44","modified_gmt":"2015-08-28T08:49:44","slug":"marche-concours-2015","status":"publish","type":"post","link":"https:\/\/fanfaresaignelegier.ch\/wordpress\/?p=48","title":{"rendered":"March\u00e9-Concours 2015"},"content":{"rendered":"<p>Venez nous retrouver au March\u00e9-Concours !<\/p>\n<p>Cette ann\u00e9e, le pays d&rsquo;Appenzell sera l&rsquo; invit\u00e9 d&rsquo;honneur de cette traditionnelle f\u00eate <em>(<a href=\"http:\/\/www.marcheconcours.ch\/\" target=\"_blank\">site officiel<\/a>)<\/em>.<\/p>\n<p><!--more--><\/p>\n<p>Les soci\u00e9t\u00e9s locales ont mis tout en \u0153uvre pour vous accueillir de les meilleures conditions et vous faire profiter un maximum de cette grande f\u00eate du cheval.<\/p>\n<p>En ce qui concerne notre soci\u00e9t\u00e9, nous mettons \u00e0 votre disposition une cantine vous permettant de vous reposer, de vous restaurer avec nos fameuses assiettes de friture de perches et de passer un agr\u00e9able moment en notre compagnie.<\/p>\n<p><a href=\"https:\/\/fanfaresaignelegier.ch\/wordpress\/wp-content\/uploads\/2015\/07\/friture.jpg\"><img loading=\"lazy\" decoding=\"async\" class=\"  wp-image-130 aligncenter\" src=\"https:\/\/fanfaresaignelegier.ch\/wordpress\/wp-content\/uploads\/2015\/07\/friture.jpg\" alt=\"friture\" width=\"181\" height=\"181\" srcset=\"https:\/\/fanfaresaignelegier.ch\/wordpress\/wp-content\/uploads\/2015\/07\/friture.jpg 500w, https:\/\/fanfaresaignelegier.ch\/wordpress\/wp-content\/uploads\/2015\/07\/friture-150x150.jpg 150w, https:\/\/fanfaresaignelegier.ch\/wordpress\/wp-content\/uploads\/2015\/07\/friture-300x300.jpg 300w\" sizes=\"auto, (max-width: 181px) 100vw, 181px\" \/><\/a><\/p>\n<p>O\u00f9 nous trouver ? rien de plus facile nous sommes \u00e0 150m du magasin Denner ou plus pr\u00e9cis\u00e9ment ici<\/p>\n<div><iframe loading=\"lazy\" style=\"border: 0;\" src=\"https:\/\/www.google.com\/maps\/embed?pb=!1m18!1m12!1m3!1d1248.1278664135086!2d6.997730906564368!3d47.25499999999892!2m3!1f0!2f0!3f0!3m2!1i1024!2i768!4f13.1!3m3!1m2!1s0x4791ffeb4d85aa65%3A0xc5a3f24a3a6de9fd!2sRue+du+March%C3%A9-Concours+4%2C+2350+Saignel%C3%A9gier!5e1!3m2!1sfr!2sch!4v1436945546192\" width=\"400\" height=\"300\" frameborder=\"0\" allowfullscreen=\"allowfullscreen\"><\/iframe><\/div>\n","protected":false},"excerpt":{"rendered":"<p>Venez nous retrouver au March\u00e9-Concours ! Cette ann\u00e9e, le pays d&rsquo;Appenzell sera l&rsquo; invit\u00e9 d&rsquo;honneur de cette traditionnelle f\u00eate (site officiel).<\/p>\n","protected":false},"author":2,"featured_media":0,"comment_status":"closed","ping_status":"closed","sticky":false,"template":"","format":"standard","meta":{"footnotes":""},"categories":[10],"tags":[],"class_list":["post-48","post","type-post","status-publish","format-standard","hentry","category-archive"],"_links":{"self":[{"href":"https:\/\/fanfaresaignelegier.ch\/wordpress\/index.php?rest_route=\/wp\/v2\/posts\/48","targetHints":{"allow":["GET"]}}],"collection":[{"href":"https:\/\/fanfaresaignelegier.ch\/wordpress\/index.php?rest_route=\/wp\/v2\/posts"}],"about":[{"href":"https:\/\/fanfaresaignelegier.ch\/wordpress\/index.php?rest_route=\/wp\/v2\/types\/post"}],"author":[{"embeddable":true,"href":"https:\/\/fanfaresaignelegier.ch\/wordpress\/index.php?rest_route=\/wp\/v2\/users\/2"}],"replies":[{"embeddable":true,"href":"https:\/\/fanfaresaignelegier.ch\/wordpress\/index.php?rest_route=%2Fwp%2Fv2%2Fcomments&post=48"}],"version-history":[{"count":10,"href":"https:\/\/fanfaresaignelegier.ch\/wordpress\/index.php?rest_route=\/wp\/v2\/posts\/48\/revisions"}],"predecessor-version":[{"id":132,"href":"https:\/\/fanfaresaignelegier.ch\/wordpress\/index.php?rest_route=\/wp\/v2\/posts\/48\/revisions\/132"}],"wp:attachment":[{"href":"https:\/\/fanfaresaignelegier.ch\/wordpress\/index.php?rest_route=%2Fwp%2Fv2%2Fmedia&parent=48"}],"wp:term":[{"taxonomy":"category","embeddable":true,"href":"https:\/\/fanfaresaignelegier.ch\/wordpress\/index.php?rest_route=%2Fwp%2Fv2%2Fcategories&post=48"},{"taxonomy":"post_tag","embeddable":true,"href":"https:\/\/fanfaresaignelegier.ch\/wordpress\/index.php?rest_route=%2Fwp%2Fv2%2Ftags&post=48"}],"curies":[{"name":"wp","href":"https:\/\/api.w.org\/{rel}","templated":true}]}}