{"id":469,"date":"2019-04-07T15:32:54","date_gmt":"2019-04-07T14:32:54","guid":{"rendered":"http:\/\/fanfaresaignelegier.ch\/wordpress\/?p=469"},"modified":"2019-12-30T22:00:14","modified_gmt":"2019-12-30T21:00:14","slug":"concert-2018-2","status":"publish","type":"post","link":"https:\/\/fanfaresaignelegier.ch\/wordpress\/?p=469","title":{"rendered":"Concert 2019"},"content":{"rendered":"<p>La Musique Fanfare vous invite \u00e0 son traditionnel concert annuel.<\/p>\n<blockquote>\n<p>Il est l\u2019aboutissement ultime pour une soci\u00e9t\u00e9 :<\/p>\n<p>partager sa passion en proposant \u00e0 son public un moment musical \u00e9labor\u00e9 durant plusieurs mois<\/p>\n<\/blockquote>\n<p><img loading=\"lazy\" decoding=\"async\" class=\"aligncenter size-full wp-image-471\" src=\"https:\/\/fanfaresaignelegier.ch\/wordpress\/wp-content\/uploads\/2019\/04\/Flyer-concert2019-1.png\" alt=\"\" width=\"475\" height=\"666\" srcset=\"https:\/\/fanfaresaignelegier.ch\/wordpress\/wp-content\/uploads\/2019\/04\/Flyer-concert2019-1.png 475w, https:\/\/fanfaresaignelegier.ch\/wordpress\/wp-content\/uploads\/2019\/04\/Flyer-concert2019-1-214x300.png 214w\" sizes=\"auto, (max-width: 475px) 100vw, 475px\" \/><\/p>\n<p>Rendez-vous donc le<\/p>\n<p style=\"text-align: center;\"><strong>Samedi 13 avril \u00e0 20h 10<\/strong><br \/>\n<strong> Salle de Spectacle de Saignel\u00e9gier<\/strong><\/p>\n<p>A bient\u00f4t<\/p>\n<p><a title=\"Programme du concert 2019\" href=\"https:\/\/fanfaresaignelegier.ch\/wordpress\/wp-content\/uploads\/2019\/04\/Flyer-concert-annuel-2019.pdf\" target=\"_blank\" rel=\"noopener noreferrer\">Programme complet<\/a><\/p>\n","protected":false},"excerpt":{"rendered":"<p>La Musique Fanfare vous invite \u00e0 son traditionnel concert annuel. Il est l\u2019aboutissement ultime pour une soci\u00e9t\u00e9 : partager sa passion en proposant \u00e0 son public un moment musical \u00e9labor\u00e9 durant plusieurs mois Rendez-vous donc le Samedi 13 avril \u00e0 20h 10 Salle de Spectacle de Saignel\u00e9gier A bient\u00f4t Programme complet<\/p>\n","protected":false},"author":2,"featured_media":0,"comment_status":"closed","ping_status":"closed","sticky":false,"template":"","format":"standard","meta":{"footnotes":""},"categories":[10],"tags":[],"class_list":["post-469","post","type-post","status-publish","format-standard","hentry","category-archive"],"_links":{"self":[{"href":"https:\/\/fanfaresaignelegier.ch\/wordpress\/index.php?rest_route=\/wp\/v2\/posts\/469","targetHints":{"allow":["GET"]}}],"collection":[{"href":"https:\/\/fanfaresaignelegier.ch\/wordpress\/index.php?rest_route=\/wp\/v2\/posts"}],"about":[{"href":"https:\/\/fanfaresaignelegier.ch\/wordpress\/index.php?rest_route=\/wp\/v2\/types\/post"}],"author":[{"embeddable":true,"href":"https:\/\/fanfaresaignelegier.ch\/wordpress\/index.php?rest_route=\/wp\/v2\/users\/2"}],"replies":[{"embeddable":true,"href":"https:\/\/fanfaresaignelegier.ch\/wordpress\/index.php?rest_route=%2Fwp%2Fv2%2Fcomments&post=469"}],"version-history":[{"count":3,"href":"https:\/\/fanfaresaignelegier.ch\/wordpress\/index.php?rest_route=\/wp\/v2\/posts\/469\/revisions"}],"predecessor-version":[{"id":474,"href":"https:\/\/fanfaresaignelegier.ch\/wordpress\/index.php?rest_route=\/wp\/v2\/posts\/469\/revisions\/474"}],"wp:attachment":[{"href":"https:\/\/fanfaresaignelegier.ch\/wordpress\/index.php?rest_route=%2Fwp%2Fv2%2Fmedia&parent=469"}],"wp:term":[{"taxonomy":"category","embeddable":true,"href":"https:\/\/fanfaresaignelegier.ch\/wordpress\/index.php?rest_route=%2Fwp%2Fv2%2Fcategories&post=469"},{"taxonomy":"post_tag","embeddable":true,"href":"https:\/\/fanfaresaignelegier.ch\/wordpress\/index.php?rest_route=%2Fwp%2Fv2%2Ftags&post=469"}],"curies":[{"name":"wp","href":"https:\/\/api.w.org\/{rel}","templated":true}]}}