{"id":402,"date":"2018-03-10T09:41:46","date_gmt":"2018-03-10T08:41:46","guid":{"rendered":"http:\/\/fanfaresaignelegier.ch\/wordpress\/?p=402"},"modified":"2018-03-30T12:01:03","modified_gmt":"2018-03-30T11:01:03","slug":"concert-2018","status":"publish","type":"post","link":"https:\/\/fanfaresaignelegier.ch\/wordpress\/?p=402","title":{"rendered":"Concert 2018"},"content":{"rendered":"<p>La Musique Fanfare vous invite \u00e0 son traditionnel concert annuel.<\/p>\n<blockquote>\n<p>Il est l\u2019aboutissement ultime pour une soci\u00e9t\u00e9 : partager sa passion en proposant \u00e0 son public un moment musical \u00e9labor\u00e9 durant plusieurs mois<\/p>\n<\/blockquote>\n<p>&nbsp;<\/p>\n<p><img loading=\"lazy\" decoding=\"async\" class=\"aligncenter size-large wp-image-401\" src=\"https:\/\/fanfaresaignelegier.ch\/wordpress\/wp-content\/uploads\/2018\/03\/MFS_Concert_2018-724x1024.jpg\" alt=\"\" width=\"660\" height=\"933\" srcset=\"https:\/\/fanfaresaignelegier.ch\/wordpress\/wp-content\/uploads\/2018\/03\/MFS_Concert_2018-724x1024.jpg 724w, https:\/\/fanfaresaignelegier.ch\/wordpress\/wp-content\/uploads\/2018\/03\/MFS_Concert_2018-212x300.jpg 212w, https:\/\/fanfaresaignelegier.ch\/wordpress\/wp-content\/uploads\/2018\/03\/MFS_Concert_2018-768x1086.jpg 768w, https:\/\/fanfaresaignelegier.ch\/wordpress\/wp-content\/uploads\/2018\/03\/MFS_Concert_2018.jpg 1000w\" sizes=\"auto, (max-width: 660px) 100vw, 660px\" \/><\/p>\n<p>Rendez-vous donc le<\/p>\n<p style=\"text-align: center;\"><strong>Samedi 24 mars \u00e0 20h 00<\/strong><br \/>\n <strong> Salle de Spectacle de Saignel\u00e9gier<\/strong><\/p>\n<p>A bient\u00f4t<\/p>\n","protected":false},"excerpt":{"rendered":"<p>La Musique Fanfare vous invite \u00e0 son traditionnel concert annuel. Il est l\u2019aboutissement ultime pour une soci\u00e9t\u00e9 : partager sa passion en proposant \u00e0 son public un moment musical \u00e9labor\u00e9 durant plusieurs mois &nbsp; Rendez-vous donc le Samedi 24 mars \u00e0 20h 00 Salle de Spectacle de Saignel\u00e9gier A bient\u00f4t<\/p>\n","protected":false},"author":2,"featured_media":0,"comment_status":"closed","ping_status":"closed","sticky":false,"template":"","format":"standard","meta":{"footnotes":""},"categories":[10],"tags":[],"class_list":["post-402","post","type-post","status-publish","format-standard","hentry","category-archive"],"_links":{"self":[{"href":"https:\/\/fanfaresaignelegier.ch\/wordpress\/index.php?rest_route=\/wp\/v2\/posts\/402","targetHints":{"allow":["GET"]}}],"collection":[{"href":"https:\/\/fanfaresaignelegier.ch\/wordpress\/index.php?rest_route=\/wp\/v2\/posts"}],"about":[{"href":"https:\/\/fanfaresaignelegier.ch\/wordpress\/index.php?rest_route=\/wp\/v2\/types\/post"}],"author":[{"embeddable":true,"href":"https:\/\/fanfaresaignelegier.ch\/wordpress\/index.php?rest_route=\/wp\/v2\/users\/2"}],"replies":[{"embeddable":true,"href":"https:\/\/fanfaresaignelegier.ch\/wordpress\/index.php?rest_route=%2Fwp%2Fv2%2Fcomments&post=402"}],"version-history":[{"count":3,"href":"https:\/\/fanfaresaignelegier.ch\/wordpress\/index.php?rest_route=\/wp\/v2\/posts\/402\/revisions"}],"predecessor-version":[{"id":410,"href":"https:\/\/fanfaresaignelegier.ch\/wordpress\/index.php?rest_route=\/wp\/v2\/posts\/402\/revisions\/410"}],"wp:attachment":[{"href":"https:\/\/fanfaresaignelegier.ch\/wordpress\/index.php?rest_route=%2Fwp%2Fv2%2Fmedia&parent=402"}],"wp:term":[{"taxonomy":"category","embeddable":true,"href":"https:\/\/fanfaresaignelegier.ch\/wordpress\/index.php?rest_route=%2Fwp%2Fv2%2Fcategories&post=402"},{"taxonomy":"post_tag","embeddable":true,"href":"https:\/\/fanfaresaignelegier.ch\/wordpress\/index.php?rest_route=%2Fwp%2Fv2%2Ftags&post=402"}],"curies":[{"name":"wp","href":"https:\/\/api.w.org\/{rel}","templated":true}]}}