{"id":383,"date":"2017-11-26T10:00:00","date_gmt":"2017-11-26T09:00:00","guid":{"rendered":"http:\/\/fanfaresaignelegier.ch\/wordpress\/?p=383"},"modified":"2018-01-01T11:54:49","modified_gmt":"2018-01-01T10:54:49","slug":"jass-par-equipe-29-decembre-2017","status":"publish","type":"post","link":"https:\/\/fanfaresaignelegier.ch\/wordpress\/?p=383","title":{"rendered":"Jass par \u00e9quipe &#8211; 29 d\u00e9cembre 2017"},"content":{"rendered":"<ul>\n<li>Vendredi 29 d\u00e9cembre, nous vous attendons nombreux \u00e0 participer \u00e0 notre traditionnel jass par \u00e9quipe<\/li>\n<\/ul>\n<p>Comme \u00e0 l\u2019accoutum\u00e9, c\u2019est \u00e0 l\u2019H\u00f4tel de ville de Saignel\u00e9gier d\u00e8s 20:00 que se disputeront les 7\u2019536 points permettant \u00e0 la meilleure \u00e9quipe de repartir avec 2 jambons de la taille de leur m\u00e9rite.<\/p>\n<p>Pour les personnes qui le d\u00e9sirent nous nous ferons un immense plaisir de vous servir une assiette de vol-au-vent avant le d\u00e9but des joutes soit d\u00e8s 19:00.<\/p>\n<p>Et qu\u2019en est-il du prix ?<\/p>\n<ul>\n<li>30.- Frs par personne avec le souper<\/li>\n<li>25.- Frs par personne sans le souper<\/li>\n<\/ul>\n<blockquote>\n<p>Pas de r\u00e9servations possibles<\/p>\n<\/blockquote>\n","protected":false},"excerpt":{"rendered":"<p>Vendredi 29 d\u00e9cembre, nous vous attendons nombreux \u00e0 participer \u00e0 notre traditionnel jass par \u00e9quipe Comme \u00e0 l\u2019accoutum\u00e9, c\u2019est \u00e0 l\u2019H\u00f4tel de ville de Saignel\u00e9gier d\u00e8s 20:00 que se disputeront les 7\u2019536 points permettant \u00e0 la meilleure \u00e9quipe de repartir avec 2 jambons de la taille de leur m\u00e9rite. Pour les personnes qui le d\u00e9sirent [&hellip;]<\/p>\n","protected":false},"author":2,"featured_media":0,"comment_status":"closed","ping_status":"closed","sticky":false,"template":"","format":"standard","meta":{"footnotes":""},"categories":[10],"tags":[],"class_list":["post-383","post","type-post","status-publish","format-standard","hentry","category-archive"],"_links":{"self":[{"href":"https:\/\/fanfaresaignelegier.ch\/wordpress\/index.php?rest_route=\/wp\/v2\/posts\/383","targetHints":{"allow":["GET"]}}],"collection":[{"href":"https:\/\/fanfaresaignelegier.ch\/wordpress\/index.php?rest_route=\/wp\/v2\/posts"}],"about":[{"href":"https:\/\/fanfaresaignelegier.ch\/wordpress\/index.php?rest_route=\/wp\/v2\/types\/post"}],"author":[{"embeddable":true,"href":"https:\/\/fanfaresaignelegier.ch\/wordpress\/index.php?rest_route=\/wp\/v2\/users\/2"}],"replies":[{"embeddable":true,"href":"https:\/\/fanfaresaignelegier.ch\/wordpress\/index.php?rest_route=%2Fwp%2Fv2%2Fcomments&post=383"}],"version-history":[{"count":2,"href":"https:\/\/fanfaresaignelegier.ch\/wordpress\/index.php?rest_route=\/wp\/v2\/posts\/383\/revisions"}],"predecessor-version":[{"id":389,"href":"https:\/\/fanfaresaignelegier.ch\/wordpress\/index.php?rest_route=\/wp\/v2\/posts\/383\/revisions\/389"}],"wp:attachment":[{"href":"https:\/\/fanfaresaignelegier.ch\/wordpress\/index.php?rest_route=%2Fwp%2Fv2%2Fmedia&parent=383"}],"wp:term":[{"taxonomy":"category","embeddable":true,"href":"https:\/\/fanfaresaignelegier.ch\/wordpress\/index.php?rest_route=%2Fwp%2Fv2%2Fcategories&post=383"},{"taxonomy":"post_tag","embeddable":true,"href":"https:\/\/fanfaresaignelegier.ch\/wordpress\/index.php?rest_route=%2Fwp%2Fv2%2Ftags&post=383"}],"curies":[{"name":"wp","href":"https:\/\/api.w.org\/{rel}","templated":true}]}}