{"id":364,"date":"2017-03-14T22:25:42","date_gmt":"2017-03-14T21:25:42","guid":{"rendered":"http:\/\/fanfaresaignelegier.ch\/wordpress\/?p=364"},"modified":"2017-05-13T14:21:13","modified_gmt":"2017-05-13T13:21:13","slug":"concert-2017","status":"publish","type":"post","link":"https:\/\/fanfaresaignelegier.ch\/wordpress\/?p=364","title":{"rendered":"Concert 2017"},"content":{"rendered":"<div class=\"entry-content\">\n<p>La Musique Fanfare vous invite \u00e0 son traditionnel concert annuel.<\/p>\n<blockquote>\n<p>Il est l\u2019aboutissement ultime pour une soci\u00e9t\u00e9 : partager sa passion en proposant \u00e0 son public un moment musical \u00e9labor\u00e9 durant plusieurs mois<\/p>\n<\/blockquote>\n<p>Vous pouvez trouvez le <a href=\"https:\/\/fanfaresaignelegier.ch\/wordpress\/wp-content\/uploads\/2017\/04\/programme_concert_2017.pdf\" target=\"_blank\" rel=\"noopener noreferrer\">programme du concert<\/a> ainsi que nos annonceurs que nous remercions au passage pour leur soutien inconditionnel<\/p>\n<p><div class=\"wp-block-pdfemb-pdf-embedder-viewer\"><a href=\"https:\/\/fanfaresaignelegier.ch\/wordpress\/wp-content\/uploads\/2017\/04\/programme_concert_2017.pdf\" class=\"pdfemb-viewer\" style=\"\" data-width=\"max\" data-height=\"max\" data-toolbar=\"bottom\" data-toolbar-fixed=\"off\">programme_concert_2017<\/a><\/div><\/p>\n<p>Rendez-vous donc le<\/p>\n<p><strong>Samedi 8 avril \u00e0 20h 00<\/strong><br \/>\n <strong> salle de Spectacle de Saignel\u00e9gier<\/strong><\/p>\n<p>A bient\u00f4t<\/p>\n<\/div>\n","protected":false},"excerpt":{"rendered":"<p>La Musique Fanfare vous invite \u00e0 son traditionnel concert annuel. Il est l\u2019aboutissement ultime pour une soci\u00e9t\u00e9 : partager sa passion en proposant \u00e0 son public un moment musical \u00e9labor\u00e9 durant plusieurs mois Vous pouvez trouvez le programme du concert ainsi que nos annonceurs que nous remercions au passage pour leur soutien inconditionnel Rendez-vous donc [&hellip;]<\/p>\n","protected":false},"author":2,"featured_media":0,"comment_status":"closed","ping_status":"closed","sticky":false,"template":"","format":"standard","meta":{"footnotes":""},"categories":[10],"tags":[],"class_list":["post-364","post","type-post","status-publish","format-standard","hentry","category-archive"],"_links":{"self":[{"href":"https:\/\/fanfaresaignelegier.ch\/wordpress\/index.php?rest_route=\/wp\/v2\/posts\/364","targetHints":{"allow":["GET"]}}],"collection":[{"href":"https:\/\/fanfaresaignelegier.ch\/wordpress\/index.php?rest_route=\/wp\/v2\/posts"}],"about":[{"href":"https:\/\/fanfaresaignelegier.ch\/wordpress\/index.php?rest_route=\/wp\/v2\/types\/post"}],"author":[{"embeddable":true,"href":"https:\/\/fanfaresaignelegier.ch\/wordpress\/index.php?rest_route=\/wp\/v2\/users\/2"}],"replies":[{"embeddable":true,"href":"https:\/\/fanfaresaignelegier.ch\/wordpress\/index.php?rest_route=%2Fwp%2Fv2%2Fcomments&post=364"}],"version-history":[{"count":8,"href":"https:\/\/fanfaresaignelegier.ch\/wordpress\/index.php?rest_route=\/wp\/v2\/posts\/364\/revisions"}],"predecessor-version":[{"id":400,"href":"https:\/\/fanfaresaignelegier.ch\/wordpress\/index.php?rest_route=\/wp\/v2\/posts\/364\/revisions\/400"}],"wp:attachment":[{"href":"https:\/\/fanfaresaignelegier.ch\/wordpress\/index.php?rest_route=%2Fwp%2Fv2%2Fmedia&parent=364"}],"wp:term":[{"taxonomy":"category","embeddable":true,"href":"https:\/\/fanfaresaignelegier.ch\/wordpress\/index.php?rest_route=%2Fwp%2Fv2%2Fcategories&post=364"},{"taxonomy":"post_tag","embeddable":true,"href":"https:\/\/fanfaresaignelegier.ch\/wordpress\/index.php?rest_route=%2Fwp%2Fv2%2Ftags&post=364"}],"curies":[{"name":"wp","href":"https:\/\/api.w.org\/{rel}","templated":true}]}}