{"id":295,"date":"2016-05-15T08:34:28","date_gmt":"2016-05-15T07:34:28","guid":{"rendered":"http:\/\/fanfaresaignelegier.ch\/wordpress\/?p=295"},"modified":"2016-07-12T21:05:12","modified_gmt":"2016-07-12T20:05:12","slug":"giron-2016-40eme-giron-des-fanfare-franc-montagnardes","status":"publish","type":"post","link":"https:\/\/fanfaresaignelegier.ch\/wordpress\/?p=295","title":{"rendered":"Giron 2016 &#8211; 40\u00e8me Giron des fanfares franc-montagnardes"},"content":{"rendered":"<p>Le samedi 28 mai 2016 sera une journ\u00e9e o\u00f9 toutes les fanfares franc-montagnardes se rassembleront afin de passer une journ\u00e9e musicales leur permettant de s&rsquo;ex\u00e9cuter devant jury, de r\u00e9aliser une petite animation dans la ville d&rsquo;ex\u00e9cuter une marche d&rsquo;ensemble et de d\u00e9filer devant un nombreux public, du moins nous l&rsquo;esp\u00e9rons<\/p>\n<p>Mais o\u00f9 va se d\u00e9rouler cette grand journ\u00e9e me demanderez-vous ?<\/p>\n<p>Epauvillers, soci\u00e9t\u00e9 organisatrice du giron cette ann\u00e9e, a d\u00e9cider d&rsquo;organiser le 40\u00e8me Giron de fanfares franc-montagnardes dans la ville m\u00e9di\u00e9vale de St-Ursanne. Et pour ce jubil\u00e9 a modifi\u00e9 quelque peu la donn\u00e9e d&rsquo;ordre.<\/p>\n<p>En effet, chaque fanfare devra ex\u00e9cuter comme l&rsquo;ann\u00e9e derni\u00e8re, une pi\u00e8ce impos\u00e9e (Song of Ocarina) devant jury. Cette pi\u00e8ce a \u00e9t\u00e9 impos\u00e9e par la commission de musique du Giron. Chaque soci\u00e9t\u00e9 est libre de jouer une deuxi\u00e8me pi\u00e8ce devant ce jury. L&rsquo;acc\u00e8s \u00e0 ce mini concours est ouvert au public.<\/p>\n<p>En suite, place \u00e0 l&rsquo;animation de la ville. En effet, chaque soci\u00e9t\u00e9 de fanfare aura la t\u00e2che d&rsquo;animer comme il le souhaite la place Roger Schaffter, puis place au d\u00e9fil\u00e9 qui les ram\u00e8nera \u00e0 nouveau sur cette place centrale.<img loading=\"lazy\" decoding=\"async\" class=\"aligncenter wp-image-296 size-large\" src=\"https:\/\/fanfaresaignelegier.ch\/wordpress\/wp-content\/uploads\/2016\/05\/Place_Roger_schaffter-1024x298.png\" alt=\"Place_Roger_schaffter\" width=\"840\" height=\"244\" srcset=\"https:\/\/fanfaresaignelegier.ch\/wordpress\/wp-content\/uploads\/2016\/05\/Place_Roger_schaffter-1024x298.png 1024w, https:\/\/fanfaresaignelegier.ch\/wordpress\/wp-content\/uploads\/2016\/05\/Place_Roger_schaffter-300x87.png 300w, https:\/\/fanfaresaignelegier.ch\/wordpress\/wp-content\/uploads\/2016\/05\/Place_Roger_schaffter-768x223.png 768w, https:\/\/fanfaresaignelegier.ch\/wordpress\/wp-content\/uploads\/2016\/05\/Place_Roger_schaffter-1200x349.png 1200w, https:\/\/fanfaresaignelegier.ch\/wordpress\/wp-content\/uploads\/2016\/05\/Place_Roger_schaffter.png 1913w\" sizes=\"auto, (max-width: 840px) 100vw, 840px\" \/><\/p>\n<p>Les fanfares \u00e0 nouveau r\u00e9unies ex\u00e9cuteront la marche d&rsquo;ensemble (Salut \u00e0 l&rsquo;Ajoie) puis place aux discours officiels suite \u00e0 quoi les ensembles se d\u00e9placeront en musique (San Carlo) jusqu&rsquo;\u00e0 la halle de gymnastique pour le banquet officiel (ouvert au public), puis la partie r\u00e9cr\u00e9ative.<\/p>\n<h3><strong>Ci-dessous, un petit condens\u00e9 des principales \u00e9ch\u00e9ances de cette f\u00eate<\/strong><\/h3>\n<ul>\n<li style=\"padding-left: 30px;\">12h30 &#8211; Arriv\u00e9e des fanfares \u00e0 la halle de sport<\/li>\n<li style=\"padding-left: 30px;\">12h45 &#8211; Tirage au sort de l&rsquo;ordre de passage<\/li>\n<li style=\"padding-left: 30px;\">12h45- \u00c9chauffements des diff\u00e9rentes fanfares selon le tirage au sort<\/li>\n<li style=\"padding-left: 30px;\">13h25 &#8211; D\u00e9but des auditions<\/li>\n<li style=\"padding-left: 30px;\">16h00 &#8211; D\u00e9but des animations<\/li>\n<li style=\"padding-left: 30px;\">18h10 &#8211; D\u00e9but des d\u00e9fil\u00e9s<\/li>\n<li style=\"padding-left: 30px;\">18h35 &#8211; Discours &#8211; partie officielle<\/li>\n<li style=\"padding-left: 30px;\">18h50 &#8211; Marche d&rsquo;ensemble<\/li>\n<li style=\"padding-left: 30px;\">19h00 &#8211; D\u00e9part de toutes les fanfares pour la halle<\/li>\n<li style=\"padding-left: 30px;\">19h45 &#8211; Service des entr\u00e9es + concert des cadets<\/li>\n<li style=\"padding-left: 30px;\">20h15 &#8211; 1\u00e8re partie Shake Brass<\/li>\n<li style=\"padding-left: 30px;\">20h45 &#8211; Service plat principal<\/li>\n<li style=\"padding-left: 30px;\">21h15 &#8211; Beuchat Schwytzoise<\/li>\n<li style=\"padding-left: 30px;\">22h00 &#8211; Service dessert et annonce r\u00e9sultats animations<\/li>\n<li style=\"padding-left: 30px;\">22h30 &#8211; 2\u00e8me partie Shake Brass<\/li>\n<li style=\"padding-left: 30px;\">23h15 &#8211; D\u00e9but soir\u00e9e DJ<\/li>\n<\/ul>\n<p>Nous esp\u00e9rons pouvoir vous rencontrer \u00e0 l&rsquo;occasion de ce magnifique rassemblement de nos fanfares des Franches-Montagnes.<\/p>\n","protected":false},"excerpt":{"rendered":"<p>Le samedi 28 mai 2016 sera une journ\u00e9e o\u00f9 toutes les fanfares franc-montagnardes se rassembleront afin de passer une journ\u00e9e musicales leur permettant de s&rsquo;ex\u00e9cuter devant jury, de r\u00e9aliser une petite animation dans la ville d&rsquo;ex\u00e9cuter une marche d&rsquo;ensemble et de d\u00e9filer devant un nombreux public, du moins nous l&rsquo;esp\u00e9rons Mais o\u00f9 va se d\u00e9rouler [&hellip;]<\/p>\n","protected":false},"author":2,"featured_media":0,"comment_status":"closed","ping_status":"closed","sticky":false,"template":"","format":"standard","meta":{"footnotes":""},"categories":[10],"tags":[],"class_list":["post-295","post","type-post","status-publish","format-standard","hentry","category-archive"],"_links":{"self":[{"href":"https:\/\/fanfaresaignelegier.ch\/wordpress\/index.php?rest_route=\/wp\/v2\/posts\/295","targetHints":{"allow":["GET"]}}],"collection":[{"href":"https:\/\/fanfaresaignelegier.ch\/wordpress\/index.php?rest_route=\/wp\/v2\/posts"}],"about":[{"href":"https:\/\/fanfaresaignelegier.ch\/wordpress\/index.php?rest_route=\/wp\/v2\/types\/post"}],"author":[{"embeddable":true,"href":"https:\/\/fanfaresaignelegier.ch\/wordpress\/index.php?rest_route=\/wp\/v2\/users\/2"}],"replies":[{"embeddable":true,"href":"https:\/\/fanfaresaignelegier.ch\/wordpress\/index.php?rest_route=%2Fwp%2Fv2%2Fcomments&post=295"}],"version-history":[{"count":7,"href":"https:\/\/fanfaresaignelegier.ch\/wordpress\/index.php?rest_route=\/wp\/v2\/posts\/295\/revisions"}],"predecessor-version":[{"id":298,"href":"https:\/\/fanfaresaignelegier.ch\/wordpress\/index.php?rest_route=\/wp\/v2\/posts\/295\/revisions\/298"}],"wp:attachment":[{"href":"https:\/\/fanfaresaignelegier.ch\/wordpress\/index.php?rest_route=%2Fwp%2Fv2%2Fmedia&parent=295"}],"wp:term":[{"taxonomy":"category","embeddable":true,"href":"https:\/\/fanfaresaignelegier.ch\/wordpress\/index.php?rest_route=%2Fwp%2Fv2%2Fcategories&post=295"},{"taxonomy":"post_tag","embeddable":true,"href":"https:\/\/fanfaresaignelegier.ch\/wordpress\/index.php?rest_route=%2Fwp%2Fv2%2Ftags&post=295"}],"curies":[{"name":"wp","href":"https:\/\/api.w.org\/{rel}","templated":true}]}}