{"id":277,"date":"2016-03-07T17:23:15","date_gmt":"2016-03-07T16:23:15","guid":{"rendered":"http:\/\/fanfaresaignelegier.ch\/wordpress\/?p=277"},"modified":"2016-05-15T07:57:11","modified_gmt":"2016-05-15T06:57:11","slug":"concert-2016","status":"publish","type":"post","link":"https:\/\/fanfaresaignelegier.ch\/wordpress\/?p=277","title":{"rendered":"Concert 2016"},"content":{"rendered":"<p>La Musique Fanfare vous invite \u00e0 son traditionnel concert annuel.<\/p>\n<blockquote><p>Il est l&rsquo;aboutissement ultime pour une soci\u00e9t\u00e9 : partager sa passion en proposant \u00e0 son public un moment musical \u00e9labor\u00e9 durant plusieurs mois<\/p><\/blockquote>\n<p>Vous pouvez trouvez le <a href=\"https:\/\/fanfaresaignelegier.ch\/wordpress\/wp-content\/uploads\/2016\/03\/programme_concert_2016.pdf\" target=\"_blank\" rel=\"\">programme du concert<\/a> ainsi que nos annonceurs que nous remercions au passage pour leur soutien inconditionnel<\/p>\n<p>Rendez-vous donc le<\/p>\n<p style=\"text-align: center;\"><strong>Samedi 19 mars \u00e0 20h 15<\/strong><br \/>\n<strong> salle de Spectacle de Saignel\u00e9gier<\/strong><\/p>\n<p style=\"text-align: left;\">A bient\u00f4t<\/p>\n","protected":false},"excerpt":{"rendered":"<p>La Musique Fanfare vous invite \u00e0 son traditionnel concert annuel. Il est l&rsquo;aboutissement ultime pour une soci\u00e9t\u00e9 : partager sa passion en proposant \u00e0 son public un moment musical \u00e9labor\u00e9 durant plusieurs mois Vous pouvez trouvez le programme du concert ainsi que nos annonceurs que nous remercions au passage pour leur soutien inconditionnel Rendez-vous donc [&hellip;]<\/p>\n","protected":false},"author":2,"featured_media":0,"comment_status":"closed","ping_status":"closed","sticky":false,"template":"","format":"standard","meta":{"footnotes":""},"categories":[10],"tags":[],"class_list":["post-277","post","type-post","status-publish","format-standard","hentry","category-archive"],"_links":{"self":[{"href":"https:\/\/fanfaresaignelegier.ch\/wordpress\/index.php?rest_route=\/wp\/v2\/posts\/277","targetHints":{"allow":["GET"]}}],"collection":[{"href":"https:\/\/fanfaresaignelegier.ch\/wordpress\/index.php?rest_route=\/wp\/v2\/posts"}],"about":[{"href":"https:\/\/fanfaresaignelegier.ch\/wordpress\/index.php?rest_route=\/wp\/v2\/types\/post"}],"author":[{"embeddable":true,"href":"https:\/\/fanfaresaignelegier.ch\/wordpress\/index.php?rest_route=\/wp\/v2\/users\/2"}],"replies":[{"embeddable":true,"href":"https:\/\/fanfaresaignelegier.ch\/wordpress\/index.php?rest_route=%2Fwp%2Fv2%2Fcomments&post=277"}],"version-history":[{"count":5,"href":"https:\/\/fanfaresaignelegier.ch\/wordpress\/index.php?rest_route=\/wp\/v2\/posts\/277\/revisions"}],"predecessor-version":[{"id":282,"href":"https:\/\/fanfaresaignelegier.ch\/wordpress\/index.php?rest_route=\/wp\/v2\/posts\/277\/revisions\/282"}],"wp:attachment":[{"href":"https:\/\/fanfaresaignelegier.ch\/wordpress\/index.php?rest_route=%2Fwp%2Fv2%2Fmedia&parent=277"}],"wp:term":[{"taxonomy":"category","embeddable":true,"href":"https:\/\/fanfaresaignelegier.ch\/wordpress\/index.php?rest_route=%2Fwp%2Fv2%2Fcategories&post=277"},{"taxonomy":"post_tag","embeddable":true,"href":"https:\/\/fanfaresaignelegier.ch\/wordpress\/index.php?rest_route=%2Fwp%2Fv2%2Ftags&post=277"}],"curies":[{"name":"wp","href":"https:\/\/api.w.org\/{rel}","templated":true}]}}