{"id":21,"date":"2015-07-13T17:32:54","date_gmt":"2015-07-13T16:32:54","guid":{"rendered":"http:\/\/fanfaresaignelegier.ch\/wordpress\/?p=21"},"modified":"2019-04-17T18:32:24","modified_gmt":"2019-04-17T17:32:24","slug":"articles-de-presse","status":"publish","type":"post","link":"https:\/\/fanfaresaignelegier.ch\/wordpress\/?p=21","title":{"rendered":"Articles de presse"},"content":{"rendered":"<p>13 avril 2019 &#8211; Concert annuel<br \/>\n<a title=\"Concert 2019\" href=\"https:\/\/fanfaresaignelegier.ch\/wordpress\/wp-content\/uploads\/2019\/04\/LFM-20190416.jpeg\" target=\"_blank\" rel=\"noopener noreferrer\">La fanfare de Saignel\u00e9gier sur la route de Tramelan<\/a><\/p>\n<p>23 mars 2018 &#8211; Concert annuel<br \/>\n<a href=\"https:\/\/fanfaresaignelegier.ch\/wordpress\/wp-content\/uploads\/2018\/03\/LFM-Annonce_Concert-2018-1.pdf\" target=\"_blank\" rel=\"noopener noreferrer\">La fanfare du chef-lieu en concert &#8211; (LFM)<\/a><br \/>\n<a href=\"https:\/\/fanfaresaignelegier.ch\/wordpress\/wp-content\/uploads\/2018\/03\/LFM-Concert-2018-1.pdf\" target=\"_blank\" rel=\"noopener noreferrer\">La fanfare de Saignel\u00e9gier en mode Mario B\u00fcrki<\/a><\/p>\n<p>27 f\u00e9vrier 2018 &#8211; Assembl\u00e9e annuelle<br \/>\n<a title=\"De l'importance de la pratique de l'instrument \u00e0 la maison\" href=\"https:\/\/fanfaresaignelegier.ch\/wordpress\/wp-content\/uploads\/2018\/03\/LFM-20180227.pdf\" target=\"_blank\" rel=\"noopener noreferrer\">De l&rsquo;importance de la pratique de l&rsquo;instrument \u00e0 la maison<\/a>&#8211; (LFM)<\/p>\n<p>13 octobre 2016 &#8211; Nouveau directeur &#8211; Jo\u00ebl Racine<br \/>\n<a href=\"https:\/\/fanfaresaignelegier.ch\/wordpress\/wp-content\/uploads\/2016\/11\/LFM-20161013.pdf\" target=\"_blank\" rel=\"noopener noreferrer\">Changement de maestro \u00e0 la Musique Fanfare de Saignel\u00e9gier<\/a><\/p>\n<p>21 mai 2016 &#8211; Annonce 40\u00e8me Giron \u00e0 St-Ursanne<br \/>\n<a href=\"https:\/\/fanfaresaignelegier.ch\/wordpress\/wp-content\/uploads\/2016\/05\/LFM2-21_05_2016.pdf\" target=\"_blank\" rel=\"noopener noreferrer\">Le 40\u00e8me Giron taignon se jouera en terre ajoulote<\/a><\/p>\n<p>17 mars 2016 &#8211; Annonce concert annuel<br \/>\n<em><a href=\"https:\/\/fanfaresaignelegier.ch\/wordpress\/wp-content\/uploads\/2016\/03\/LFM-20160317.pdf\" target=\"_blank\" rel=\"noopener noreferrer\">En voyage avec la fanfare du chef-lieu <\/a>&#8211; (LFM)<\/em><\/p>\n<p>13 janvier 2016 &#8211; Assembl\u00e9e annuelle<br \/>\n<em><a href=\"https:\/\/fanfaresaignelegier.ch\/wordpress\/wp-content\/uploads\/2016\/02\/LFM-20160216.pdf\" target=\"_blank\" rel=\"noopener noreferrer\">Saignel\u00e9gier devra attendre encore pour avoir son brass<\/a> &#8211; (LFM)<\/em><br \/>\n<em> <a href=\"https:\/\/fanfaresaignelegier.ch\/wordpress\/wp-content\/uploads\/2016\/02\/LQJ-20160215.pdf\" target=\"_blank\" rel=\"noopener noreferrer\">La Musique Fanfare se porte bien<\/a> &#8211; (LQJ)<\/em><\/p>\n<p>17 janvier 2016<br \/>\n<em><a href=\"https:\/\/fanfaresaignelegier.ch\/wordpress\/wp-content\/uploads\/2016\/01\/Jubilaires_2016.pdf\" target=\"_blank\" rel=\"noopener noreferrer\">Jubilaires 2016 de la F\u00e9d\u00e9ration Jurassienne de Musique<\/a> &#8211; (LFM)<\/em><\/p>\n<p>2 avril 2015<br \/>\n<em><a href=\"https:\/\/fanfaresaignelegier.ch\/wordpress\/wp-content\/uploads\/presse\/fm_02_04_2015_concert.pdf\">Un allez-retour en Irlande<\/a> &#8211; (LFM)<\/em><\/p>\n<p>24 f\u00e9vrier 2015 :<br \/>\n<em><a href=\"https:\/\/fanfaresaignelegier.ch\/wordpress\/wp-content\/uploads\/presse\/fm_24_01_2015_assemblee.jpg\" target=\"_blank\" rel=\"noopener noreferrer\">Assembl\u00e9e g\u00e9n\u00e9rale en bref<\/a> &#8211; (LFM)<\/em><\/p>\n<p><em><a title=\"R\u00e9trospective des 150 ans\" href=\"https:\/\/fanfaresaignelegier.ch\/wordpress\/wp-content\/uploads\/presse\/mfs-150-historique.pdf\" target=\"_blank\" rel=\"noopener noreferrer\">R\u00e9trospective sur les 150 ans de notre soci\u00e9t\u00e9<\/a><\/em><\/p>\n<ul>\n<li>Un Giron, un jubil\u00e9 et des belles promesses &#8211; (LFM 3 juin 2014)<\/li>\n<li>Un Giron inond\u00e9 de soleil et de notes (LQJ)<\/li>\n<\/ul>\n","protected":false},"excerpt":{"rendered":"<p>13 avril 2019 &#8211; Concert annuel La fanfare de Saignel\u00e9gier sur la route de Tramelan 23 mars 2018 &#8211; Concert annuel La fanfare du chef-lieu en concert &#8211; (LFM) La fanfare de Saignel\u00e9gier en mode Mario B\u00fcrki 27 f\u00e9vrier 2018 &#8211; Assembl\u00e9e annuelle De l&rsquo;importance de la pratique de l&rsquo;instrument \u00e0 la maison&#8211; (LFM) 13 [&hellip;]<\/p>\n","protected":false},"author":2,"featured_media":0,"comment_status":"closed","ping_status":"closed","sticky":false,"template":"","format":"link","meta":{"footnotes":""},"categories":[1],"tags":[],"class_list":["post-21","post","type-post","status-publish","format-link","hentry","category-presse","post_format-post-format-link"],"_links":{"self":[{"href":"https:\/\/fanfaresaignelegier.ch\/wordpress\/index.php?rest_route=\/wp\/v2\/posts\/21","targetHints":{"allow":["GET"]}}],"collection":[{"href":"https:\/\/fanfaresaignelegier.ch\/wordpress\/index.php?rest_route=\/wp\/v2\/posts"}],"about":[{"href":"https:\/\/fanfaresaignelegier.ch\/wordpress\/index.php?rest_route=\/wp\/v2\/types\/post"}],"author":[{"embeddable":true,"href":"https:\/\/fanfaresaignelegier.ch\/wordpress\/index.php?rest_route=\/wp\/v2\/users\/2"}],"replies":[{"embeddable":true,"href":"https:\/\/fanfaresaignelegier.ch\/wordpress\/index.php?rest_route=%2Fwp%2Fv2%2Fcomments&post=21"}],"version-history":[{"count":25,"href":"https:\/\/fanfaresaignelegier.ch\/wordpress\/index.php?rest_route=\/wp\/v2\/posts\/21\/revisions"}],"predecessor-version":[{"id":484,"href":"https:\/\/fanfaresaignelegier.ch\/wordpress\/index.php?rest_route=\/wp\/v2\/posts\/21\/revisions\/484"}],"wp:attachment":[{"href":"https:\/\/fanfaresaignelegier.ch\/wordpress\/index.php?rest_route=%2Fwp%2Fv2%2Fmedia&parent=21"}],"wp:term":[{"taxonomy":"category","embeddable":true,"href":"https:\/\/fanfaresaignelegier.ch\/wordpress\/index.php?rest_route=%2Fwp%2Fv2%2Fcategories&post=21"},{"taxonomy":"post_tag","embeddable":true,"href":"https:\/\/fanfaresaignelegier.ch\/wordpress\/index.php?rest_route=%2Fwp%2Fv2%2Ftags&post=21"}],"curies":[{"name":"wp","href":"https:\/\/api.w.org\/{rel}","templated":true}]}}