{"id":16,"date":"2015-07-13T17:11:45","date_gmt":"2015-07-13T16:11:45","guid":{"rendered":"http:\/\/fanfaresaignelegier.ch\/wordpress\/?p=16"},"modified":"2015-10-20T08:45:01","modified_gmt":"2015-10-20T07:45:01","slug":"16","status":"publish","type":"post","link":"https:\/\/fanfaresaignelegier.ch\/wordpress\/?p=16","title":{"rendered":"En sortie dans le Jura fran\u00e7ais"},"content":{"rendered":"<p>Les membres de la Musique Fanfare seront de sortie le week-end du 22 ao\u00fbt.<!--more--><\/p>\n<p>Pour terminer en beaut\u00e9 nos vacances, nous nous d\u00e9placerons dans le Jura fran\u00e7ais du c\u00f4t\u00e9 d\u2019Arbois<\/p>\n<p><a href=\"https:\/\/fanfaresaignelegier.ch\/wordpress\/wp-content\/uploads\/2015\/07\/en-avant-vin-jaune.jpg\"><img loading=\"lazy\" decoding=\"async\" class=\" size-medium wp-image-17 aligncenter\" src=\"https:\/\/fanfaresaignelegier.ch\/wordpress\/wp-content\/uploads\/2015\/07\/en-avant-vin-jaune-300x200.jpg\" alt=\"en-avant-vin-jaune\" width=\"300\" height=\"200\" \/><\/a><\/p>\n","protected":false},"excerpt":{"rendered":"<p>Les membres de la Musique Fanfare seront de sortie le week-end du 22 ao\u00fbt.<\/p>\n","protected":false},"author":2,"featured_media":0,"comment_status":"closed","ping_status":"closed","sticky":false,"template":"","format":"standard","meta":{"footnotes":""},"categories":[10],"tags":[],"class_list":["post-16","post","type-post","status-publish","format-standard","hentry","category-archive"],"_links":{"self":[{"href":"https:\/\/fanfaresaignelegier.ch\/wordpress\/index.php?rest_route=\/wp\/v2\/posts\/16","targetHints":{"allow":["GET"]}}],"collection":[{"href":"https:\/\/fanfaresaignelegier.ch\/wordpress\/index.php?rest_route=\/wp\/v2\/posts"}],"about":[{"href":"https:\/\/fanfaresaignelegier.ch\/wordpress\/index.php?rest_route=\/wp\/v2\/types\/post"}],"author":[{"embeddable":true,"href":"https:\/\/fanfaresaignelegier.ch\/wordpress\/index.php?rest_route=\/wp\/v2\/users\/2"}],"replies":[{"embeddable":true,"href":"https:\/\/fanfaresaignelegier.ch\/wordpress\/index.php?rest_route=%2Fwp%2Fv2%2Fcomments&post=16"}],"version-history":[{"count":4,"href":"https:\/\/fanfaresaignelegier.ch\/wordpress\/index.php?rest_route=\/wp\/v2\/posts\/16\/revisions"}],"predecessor-version":[{"id":233,"href":"https:\/\/fanfaresaignelegier.ch\/wordpress\/index.php?rest_route=\/wp\/v2\/posts\/16\/revisions\/233"}],"wp:attachment":[{"href":"https:\/\/fanfaresaignelegier.ch\/wordpress\/index.php?rest_route=%2Fwp%2Fv2%2Fmedia&parent=16"}],"wp:term":[{"taxonomy":"category","embeddable":true,"href":"https:\/\/fanfaresaignelegier.ch\/wordpress\/index.php?rest_route=%2Fwp%2Fv2%2Fcategories&post=16"},{"taxonomy":"post_tag","embeddable":true,"href":"https:\/\/fanfaresaignelegier.ch\/wordpress\/index.php?rest_route=%2Fwp%2Fv2%2Ftags&post=16"}],"curies":[{"name":"wp","href":"https:\/\/api.w.org\/{rel}","templated":true}]}}