{"id":159,"date":"2015-08-13T06:53:29","date_gmt":"2015-08-13T05:53:29","guid":{"rendered":"http:\/\/fanfaresaignelegier.ch\/wordpress\/?p=159"},"modified":"2016-05-15T07:58:11","modified_gmt":"2016-05-15T06:58:11","slug":"marche-concours-2015-merci","status":"publish","type":"post","link":"https:\/\/fanfaresaignelegier.ch\/wordpress\/?p=159","title":{"rendered":"March\u00e9-Concours 2015 &#8211; Merci"},"content":{"rendered":"<p>L&rsquo;ann\u00e9e 2015 aura \u00e9t\u00e9 une tr\u00e8s belle \u00e9dition.<!--more--><\/p>\n<p>Premi\u00e8rement, nous n&rsquo;avons pas eu d&rsquo;accident sur la piste,<br \/>\ndeuxi\u00e8mement, le soleil nous a g\u00e2t\u00e9 m\u00eame s&rsquo;il s&rsquo;est fait tr\u00e8s rare dimanche<br \/>\net troisi\u00e8mement nous avons eu la chance de vous voir \u00e0 notre cantine et pour \u00e7a, nous tenions \u00e0 vous remercier, vous chers amis qui chaque ann\u00e9es venez \u00e0 notre stand d\u00e9guster une merveilleuse friture de perches et ainsi collaborez au soutien financier de notre soci\u00e9t\u00e9.<\/p>\n<p>Un grand merci et nous vous donnons, d&rsquo;ores et d\u00e9j\u00e0, rendez-vous l&rsquo;ann\u00e9e prochaine.<\/p>\n","protected":false},"excerpt":{"rendered":"<p>L&rsquo;ann\u00e9e 2015 aura \u00e9t\u00e9 une tr\u00e8s belle \u00e9dition.<\/p>\n","protected":false},"author":2,"featured_media":0,"comment_status":"closed","ping_status":"closed","sticky":false,"template":"","format":"standard","meta":{"footnotes":""},"categories":[10],"tags":[],"class_list":["post-159","post","type-post","status-publish","format-standard","hentry","category-archive"],"_links":{"self":[{"href":"https:\/\/fanfaresaignelegier.ch\/wordpress\/index.php?rest_route=\/wp\/v2\/posts\/159","targetHints":{"allow":["GET"]}}],"collection":[{"href":"https:\/\/fanfaresaignelegier.ch\/wordpress\/index.php?rest_route=\/wp\/v2\/posts"}],"about":[{"href":"https:\/\/fanfaresaignelegier.ch\/wordpress\/index.php?rest_route=\/wp\/v2\/types\/post"}],"author":[{"embeddable":true,"href":"https:\/\/fanfaresaignelegier.ch\/wordpress\/index.php?rest_route=\/wp\/v2\/users\/2"}],"replies":[{"embeddable":true,"href":"https:\/\/fanfaresaignelegier.ch\/wordpress\/index.php?rest_route=%2Fwp%2Fv2%2Fcomments&post=159"}],"version-history":[{"count":3,"href":"https:\/\/fanfaresaignelegier.ch\/wordpress\/index.php?rest_route=\/wp\/v2\/posts\/159\/revisions"}],"predecessor-version":[{"id":165,"href":"https:\/\/fanfaresaignelegier.ch\/wordpress\/index.php?rest_route=\/wp\/v2\/posts\/159\/revisions\/165"}],"wp:attachment":[{"href":"https:\/\/fanfaresaignelegier.ch\/wordpress\/index.php?rest_route=%2Fwp%2Fv2%2Fmedia&parent=159"}],"wp:term":[{"taxonomy":"category","embeddable":true,"href":"https:\/\/fanfaresaignelegier.ch\/wordpress\/index.php?rest_route=%2Fwp%2Fv2%2Fcategories&post=159"},{"taxonomy":"post_tag","embeddable":true,"href":"https:\/\/fanfaresaignelegier.ch\/wordpress\/index.php?rest_route=%2Fwp%2Fv2%2Ftags&post=159"}],"curies":[{"name":"wp","href":"https:\/\/api.w.org\/{rel}","templated":true}]}}